{"id":18618,"date":"2026-08-31T13:55:55","date_gmt":"2026-08-31T11:55:55","guid":{"rendered":"https:\/\/www.pogar.ch\/webnew\/?p=18618"},"modified":"2026-08-31T14:10:25","modified_gmt":"2026-08-31T12:10:25","slug":"entretien-stores-bannes-protections-solaires-fin-ete","status":"publish","type":"post","link":"https:\/\/www.pogar.ch\/webnew\/entretien-stores-bannes-protections-solaires-fin-ete\/","title":{"rendered":"Fin d\u2019\u00e9t\u00e9 : comment entretenir stores, bannes et protections solaires avant l\u2019automne ?"},"content":{"rendered":"<div class=\"wpb-content-wrapper\" id=\"wpb-content-root\"><p>[vc_row css_animation=\u00a0\u00bb\u00a0\u00bb row_type=\u00a0\u00bbrow\u00a0\u00bb use_row_as_full_screen_section=\u00a0\u00bbno\u00a0\u00bb type=\u00a0\u00bbfull_width\u00a0\u00bb angled_section=\u00a0\u00bbno\u00a0\u00bb text_align=\u00a0\u00bbleft\u00a0\u00bb background_image_as_pattern=\u00a0\u00bbwithout_pattern\u00a0\u00bb][vc_column][vc_separator type=\u00a0\u00bbtransparent\u00a0\u00bb up=\u00a0\u00bb50&Prime; down=\u00a0\u00bb0&Prime;][vc_column_text]Apr\u00e8s plusieurs mois de soleil, de chaleur, de vent, de poussi\u00e8re et parfois d\u2019orages, vos stores, bannes et protections solaires ont besoin d\u2019un contr\u00f4le avant l\u2019automne. Une toile encrass\u00e9e, une fixation desserr\u00e9e ou une motorisation fatigu\u00e9e peuvent r\u00e9duire le confort, acc\u00e9l\u00e9rer l\u2019usure et provoquer une panne au moment o\u00f9 vous aurez encore besoin de protection contre la pluie ou le soleil bas.<\/p>\n<p>Un bon <strong>entretien store banne<\/strong> en fin d\u2019\u00e9t\u00e9 permet de prolonger la dur\u00e9e de vie de l\u2019installation et de la pr\u00e9parer aux mois plus humides. Voici les gestes essentiels \u00e0 pr\u00e9voir.[\/vc_column_text][vc_separator type=\u00a0\u00bbsmall\u00a0\u00bb position=\u00a0\u00bbleft\u00a0\u00bb up=\u00a0\u00bb30&Prime; down=\u00a0\u00bb60&Prime;][vc_column_text]<\/p>\n<h3>Pourquoi entretenir ses protections solaires en fin d\u2019\u00e9t\u00e9 ?<\/h3>\n<p>Pendant l\u2019\u00e9t\u00e9, les protections solaires sont souvent utilis\u00e9es intensivement. Elles subissent :<\/p>\n<ul>\n<li>les rayons UV<\/li>\n<li>la poussi\u00e8re<\/li>\n<li>le pollen<\/li>\n<li>les feuilles<\/li>\n<li>les insectes<\/li>\n<li>les variations de temp\u00e9rature<\/li>\n<li>les coups de vent<\/li>\n<li>les averses estivales<\/li>\n<\/ul>\n<p>&nbsp;<\/p>\n<p>En fin de saison, un simple contr\u00f4le permet d\u2019\u00e9viter que ces salet\u00e9s ne s\u2019incrustent durablement dans la toile ou les m\u00e9canismes.<\/p>\n<h3>1. Nettoyer la toile sans l\u2019ab\u00eemer<\/h3>\n<p>Le nettoyage protection solaire doit rester doux. Une toile ext\u00e9rieure ne doit pas \u00eatre frott\u00e9e avec des produits agressifs ni lav\u00e9e au nettoyeur haute pression.<\/p>\n<p>M\u00e9thode conseill\u00e9e :<\/p>\n<ul>\n<li>d\u00e9ployer compl\u00e8tement la toile<\/li>\n<li>retirer les feuilles, poussi\u00e8res et insectes avec une brosse souple<\/li>\n<li>nettoyer \u00e0 l\u2019eau ti\u00e8de avec un savon doux<\/li>\n<li>utiliser une \u00e9ponge non abrasive<\/li>\n<li>rincer l\u00e9g\u00e8rement \u00e0 l\u2019eau claire<\/li>\n<li>laisser s\u00e9cher compl\u00e8tement avant de replier<\/li>\n<\/ul>\n<p>&nbsp;<\/p>\n<p>\u00c9vitez :<\/p>\n<ul>\n<li>javel<\/li>\n<li>solvants<\/li>\n<li>d\u00e9tergents puissants<\/li>\n<li>brosse m\u00e9tallique<\/li>\n<li>nettoyeur haute pression<\/li>\n<li>repli de la toile encore humide<\/li>\n<\/ul>\n<p>&nbsp;<\/p>\n<p>Une toile repli\u00e9e humide peut favoriser les mauvaises odeurs, les traces et le d\u00e9veloppement de moisissures.<\/p>\n<h3>2. Bien s\u00e9cher avant le repli<\/h3>\n<p>C\u2019est l\u2019un des gestes les plus importants pour pr\u00e9parer store avant automne. \u00c0 la fin de l\u2019\u00e9t\u00e9, les matin\u00e9es deviennent plus humides et les averses plus fr\u00e9quentes. Si la toile reste ferm\u00e9e alors qu\u2019elle est mouill\u00e9e, elle peut se d\u00e9t\u00e9riorer plus vite.<\/p>\n<p>Bon r\u00e9flexe :<\/p>\n<ul>\n<li>ouvrez le store apr\u00e8s une pluie d\u00e8s que la m\u00e9t\u00e9o le permet<\/li>\n<li>laissez la toile s\u00e9cher \u00e0 l\u2019air libre<\/li>\n<li>v\u00e9rifiez qu\u2019aucune feuille ne reste coinc\u00e9e avant le repli<\/li>\n<li>ne laissez pas une toile humide ferm\u00e9e plusieurs jours<\/li>\n<\/ul>\n<p>&nbsp;<\/p>\n<p>Cette r\u00e8gle vaut aussi pour une toile \u00e0 enroulement ext\u00e9rieur, un screen vertical ou un store lat\u00e9ral.<\/p>\n<h3>3. V\u00e9rifier les fixations et les supports<\/h3>\n<p>Un store banne ou une protection solaire ext\u00e9rieure est soumis au vent et aux mouvements r\u00e9p\u00e9t\u00e9s. Apr\u00e8s l\u2019\u00e9t\u00e9, il est important de contr\u00f4ler visuellement les points de fixation.<\/p>\n<p>\u00c0 surveiller :<\/p>\n<ul>\n<li>supports muraux<\/li>\n<li>bras articul\u00e9s<\/li>\n<li>coffre ou semi-coffre<\/li>\n<li>coulisses lat\u00e9rales<\/li>\n<li>visserie apparente<\/li>\n<li>ancrages sur fa\u00e7ade<\/li>\n<li>bruits inhabituels lors du mouvement<\/li>\n<\/ul>\n<p>&nbsp;<\/p>\n<p>Si vous observez du jeu, une vibration ou une inclinaison anormale, il vaut mieux \u00e9viter d\u2019utiliser le store jusqu\u2019au contr\u00f4le par un professionnel.<\/p>\n<h3>4. Contr\u00f4ler la motorisation<\/h3>\n<p>Pour un store motoris\u00e9, la fin d\u2019\u00e9t\u00e9 est le bon moment pour tester le fonctionnement complet.<\/p>\n<p>V\u00e9rifiez :<\/p>\n<ul>\n<li>mont\u00e9e et descente r\u00e9guli\u00e8res<\/li>\n<li>arr\u00eat correct en fin de course<\/li>\n<li>t\u00e9l\u00e9commande fonctionnelle<\/li>\n<li>absence de bruit moteur inhabituel<\/li>\n<li>r\u00e9action correcte aux capteurs m\u00e9t\u00e9o<\/li>\n<li>toile qui s\u2019enroule droit<\/li>\n<\/ul>\n<p>&nbsp;<\/p>\n<p>Si la toile part de travers, force ou s\u2019arr\u00eate avant la fin, il peut s\u2019agir d\u2019un r\u00e9glage \u00e0 reprendre.<\/p>\n<h3>5. Examiner les capteurs m\u00e9t\u00e9o<\/h3>\n<p>Les capteurs vent, soleil ou pluie am\u00e9liorent le confort et prot\u00e8gent l\u2019installation. Mais ils doivent rester propres et bien r\u00e9gl\u00e9s.<\/p>\n<p>\u00c0 contr\u00f4ler :<\/p>\n<ul>\n<li>capteur vent non obstru\u00e9<\/li>\n<li>capteur soleil propre<\/li>\n<li>r\u00e9action automatique coh\u00e9rente<\/li>\n<li>aucun c\u00e2ble apparent ab\u00eem\u00e9<\/li>\n<li>bo\u00eetier bien fix\u00e9<\/li>\n<\/ul>\n<p>&nbsp;<\/p>\n<p>Un capteur d\u00e9fectueux peut laisser un store ouvert lors d\u2019un coup de vent, ou au contraire provoquer des mouvements inutiles.<\/p>\n<h3>6. Les erreurs fr\u00e9quentes \u00e0 \u00e9viter<\/h3>\n<ul>\n<li>Replier une toile humide<\/li>\n<li>Laisser des feuilles dans le coffre<\/li>\n<li>Utiliser un produit agressif<\/li>\n<li>Forcer un store qui bloque<\/li>\n<li>Ignorer une toile qui s\u2019enroule de travers<\/li>\n<li>Oublier de contr\u00f4ler les fixations<\/li>\n<li>Laisser le store ouvert par vent fort<\/li>\n<\/ul>\n<p>&nbsp;<\/p>\n<p>Ces petites erreurs peuvent r\u00e9duire fortement la dur\u00e9e de vie d\u2019une installation.<\/p>\n<h3>Quand faire appel \u00e0 Pogar SA ?<\/h3>\n<p>Pogar SA peut contr\u00f4ler vos stores, bannes, toiles \u00e0 enroulement et protections solaires avant l\u2019automne. L\u2019\u00e9quipe v\u00e9rifie la toile, les fixations, la motorisation, les capteurs et les r\u00e9glages afin de garantir un fonctionnement fiable apr\u00e8s une saison d\u2019utilisation intensive.<\/p>\n<h3>Conclusion<\/h3>\n<p>La fin d\u2019\u00e9t\u00e9 est le moment id\u00e9al pour entretenir stores, bannes et protections solaires. Un nettoyage doux, un s\u00e9chage complet, une v\u00e9rification des fixations et un contr\u00f4le de la motorisation permettent de prolonger la dur\u00e9e de vie de votre installation.<\/p>\n<p>Avec Pogar SA, vous pouvez pr\u00e9parer vos protections solaires avant l\u2019automne et conserver une terrasse confortable, fonctionnelle et bien prot\u00e9g\u00e9e.[\/vc_column_text][vc_separator type=\u00a0\u00bbsmall\u00a0\u00bb position=\u00a0\u00bbleft\u00a0\u00bb up=\u00a0\u00bb30&Prime; down=\u00a0\u00bb60&Prime;][vc_column_text]<\/p>\n<h3>Besoin d\u2019un devis ?<\/h3>\n<p><strong><a href=\"https:\/\/www.pogar.ch\/webnew\/contact\/\" target=\"_blank\" rel=\"noopener\">Contactez l\u2019\u00e9quipe Pogar SA d\u00e8s maintenant<\/a><\/strong>[\/vc_column_text][vc_separator type=\u00a0\u00bbsmall\u00a0\u00bb position=\u00a0\u00bbleft\u00a0\u00bb up=\u00a0\u00bb30&Prime; down=\u00a0\u00bb60&Prime;][\/vc_column][\/vc_row][vc_row css_animation=\u00a0\u00bb\u00a0\u00bb row_type=\u00a0\u00bbrow\u00a0\u00bb use_row_as_full_screen_section=\u00a0\u00bbno\u00a0\u00bb type=\u00a0\u00bbfull_width\u00a0\u00bb angled_section=\u00a0\u00bbno\u00a0\u00bb text_align=\u00a0\u00bbleft\u00a0\u00bb background_image_as_pattern=\u00a0\u00bbwithout_pattern\u00a0\u00bb][vc_column][\/vc_column][\/vc_row]<\/p>\n<\/div>","protected":false},"excerpt":{"rendered":"<p>Fin d\u2019\u00e9t\u00e9 : comment entretenir stores, bannes et protections solaires avant l\u2019automne ?<\/p>\n","protected":false},"author":2,"featured_media":18622,"comment_status":"closed","ping_status":"closed","sticky":false,"template":"","format":"standard","meta":{"footnotes":""},"categories":[158],"tags":[390,391,393,392],"class_list":["post-18618","post","type-post","status-publish","format-standard","has-post-thumbnail","hentry","category-conseils-et-astuces","tag-entretien-store-banne","tag-nettoyage-protection-solaire","tag-preparer-store-avant-automne","tag-toile-a-enroulement-exterieur"],"yoast_head":"<!-- This site is optimized with the Yoast SEO Premium plugin v20.9 (Yoast SEO v28.3) - https:\/\/yoast.com\/product\/yoast-seo-premium-wordpress\/ -->\n<title>Entretenir stores, bannes et protections solaires avant l\u2019automne<\/title>\n<meta name=\"description\" content=\"Fin d\u2019\u00e9t\u00e9 : d\u00e9couvrez comment nettoyer stores, bannes et protections solaires avant l\u2019automne pour prolonger leur dur\u00e9e de vie.\" \/>\n<meta name=\"robots\" content=\"index, follow, max-snippet:-1, max-image-preview:large, max-video-preview:-1\" \/>\n<link rel=\"canonical\" href=\"https:\/\/www.pogar.ch\/webnew\/entretien-stores-bannes-protections-solaires-fin-ete\/\" \/>\n<meta property=\"og:locale\" content=\"fr_FR\" \/>\n<meta property=\"og:type\" content=\"article\" \/>\n<meta property=\"og:title\" content=\"Fin d\u2019\u00e9t\u00e9 : comment entretenir stores, bannes et protections solaires avant l\u2019automne ?\" \/>\n<meta property=\"og:description\" content=\"Fin d\u2019\u00e9t\u00e9 : d\u00e9couvrez comment nettoyer stores, bannes et protections solaires avant l\u2019automne pour prolonger leur dur\u00e9e de vie.\" \/>\n<meta property=\"og:url\" content=\"https:\/\/www.pogar.ch\/webnew\/entretien-stores-bannes-protections-solaires-fin-ete\/\" \/>\n<meta property=\"og:site_name\" content=\"Pogar S.A.\" \/>\n<meta property=\"article:publisher\" content=\"https:\/\/www.facebook.com\/POGAR-Team-139006666269936\/\" \/>\n<meta property=\"article:published_time\" content=\"2026-08-31T11:55:55+00:00\" \/>\n<meta property=\"article:modified_time\" content=\"2026-08-31T12:10:25+00:00\" \/>\n<meta property=\"og:image\" content=\"https:\/\/www.pogar.ch\/webnew\/wp-content\/uploads\/2026\/08\/comment-entretenir-stores-bannes-et-protections-solaires-avant-lautomne-pogar-new.webp\" \/>\n\t<meta property=\"og:image:width\" content=\"1536\" \/>\n\t<meta property=\"og:image:height\" content=\"1024\" \/>\n\t<meta property=\"og:image:type\" content=\"image\/webp\" \/>\n<meta name=\"author\" content=\"Patrick Malagoli\" \/>\n<meta name=\"twitter:card\" content=\"summary_large_image\" \/>\n<meta name=\"twitter:label1\" content=\"\u00c9crit par\" \/>\n\t<meta name=\"twitter:data1\" content=\"Patrick Malagoli\" \/>\n\t<meta name=\"twitter:label2\" content=\"Dur\u00e9e de lecture estim\u00e9e\" \/>\n\t<meta name=\"twitter:data2\" content=\"5 minutes\" \/>\n<script type=\"application\/ld+json\" class=\"yoast-schema-graph\">{\"@context\":\"https:\\\/\\\/schema.org\",\"@graph\":[{\"@type\":\"Article\",\"@id\":\"https:\\\/\\\/www.pogar.ch\\\/webnew\\\/entretien-stores-bannes-protections-solaires-fin-ete\\\/#article\",\"isPartOf\":{\"@id\":\"https:\\\/\\\/www.pogar.ch\\\/webnew\\\/entretien-stores-bannes-protections-solaires-fin-ete\\\/\"},\"author\":{\"name\":\"Patrick Malagoli\",\"@id\":\"https:\\\/\\\/www.pogar.ch\\\/webnew\\\/#\\\/schema\\\/person\\\/6cb4f0ec03ff6e07fc37012a0b38290f\"},\"headline\":\"Fin d\u2019\u00e9t\u00e9 : comment entretenir stores, bannes et protections solaires avant l\u2019automne ?\",\"datePublished\":\"2026-08-31T11:55:55+00:00\",\"dateModified\":\"2026-08-31T12:10:25+00:00\",\"mainEntityOfPage\":{\"@id\":\"https:\\\/\\\/www.pogar.ch\\\/webnew\\\/entretien-stores-bannes-protections-solaires-fin-ete\\\/\"},\"wordCount\":1011,\"publisher\":{\"@id\":\"https:\\\/\\\/www.pogar.ch\\\/webnew\\\/#organization\"},\"image\":{\"@id\":\"https:\\\/\\\/www.pogar.ch\\\/webnew\\\/entretien-stores-bannes-protections-solaires-fin-ete\\\/#primaryimage\"},\"thumbnailUrl\":\"https:\\\/\\\/www.pogar.ch\\\/webnew\\\/wp-content\\\/uploads\\\/2026\\\/08\\\/comment-entretenir-stores-bannes-et-protections-solaires-avant-lautomne-pogar-new.webp\",\"keywords\":[\"entretien store banne\",\"nettoyage protection solaire\",\"pr\u00e9parer store avant automne\",\"toile \u00e0 enroulement ext\u00e9rieur\"],\"articleSection\":[\"Conseils et astuces\"],\"inLanguage\":\"fr-FR\"},{\"@type\":\"WebPage\",\"@id\":\"https:\\\/\\\/www.pogar.ch\\\/webnew\\\/entretien-stores-bannes-protections-solaires-fin-ete\\\/\",\"url\":\"https:\\\/\\\/www.pogar.ch\\\/webnew\\\/entretien-stores-bannes-protections-solaires-fin-ete\\\/\",\"name\":\"Entretenir stores, bannes et protections solaires avant l\u2019automne\",\"isPartOf\":{\"@id\":\"https:\\\/\\\/www.pogar.ch\\\/webnew\\\/#website\"},\"primaryImageOfPage\":{\"@id\":\"https:\\\/\\\/www.pogar.ch\\\/webnew\\\/entretien-stores-bannes-protections-solaires-fin-ete\\\/#primaryimage\"},\"image\":{\"@id\":\"https:\\\/\\\/www.pogar.ch\\\/webnew\\\/entretien-stores-bannes-protections-solaires-fin-ete\\\/#primaryimage\"},\"thumbnailUrl\":\"https:\\\/\\\/www.pogar.ch\\\/webnew\\\/wp-content\\\/uploads\\\/2026\\\/08\\\/comment-entretenir-stores-bannes-et-protections-solaires-avant-lautomne-pogar-new.webp\",\"datePublished\":\"2026-08-31T11:55:55+00:00\",\"dateModified\":\"2026-08-31T12:10:25+00:00\",\"description\":\"Fin d\u2019\u00e9t\u00e9 : d\u00e9couvrez comment nettoyer stores, bannes et protections solaires avant l\u2019automne pour prolonger leur dur\u00e9e de vie.\",\"breadcrumb\":{\"@id\":\"https:\\\/\\\/www.pogar.ch\\\/webnew\\\/entretien-stores-bannes-protections-solaires-fin-ete\\\/#breadcrumb\"},\"inLanguage\":\"fr-FR\",\"potentialAction\":[{\"@type\":\"ReadAction\",\"target\":[\"https:\\\/\\\/www.pogar.ch\\\/webnew\\\/entretien-stores-bannes-protections-solaires-fin-ete\\\/\"]}]},{\"@type\":\"ImageObject\",\"inLanguage\":\"fr-FR\",\"@id\":\"https:\\\/\\\/www.pogar.ch\\\/webnew\\\/entretien-stores-bannes-protections-solaires-fin-ete\\\/#primaryimage\",\"url\":\"https:\\\/\\\/www.pogar.ch\\\/webnew\\\/wp-content\\\/uploads\\\/2026\\\/08\\\/comment-entretenir-stores-bannes-et-protections-solaires-avant-lautomne-pogar-new.webp\",\"contentUrl\":\"https:\\\/\\\/www.pogar.ch\\\/webnew\\\/wp-content\\\/uploads\\\/2026\\\/08\\\/comment-entretenir-stores-bannes-et-protections-solaires-avant-lautomne-pogar-new.webp\",\"width\":1536,\"height\":1024,\"caption\":\"comment entretenir stores, bannes et protections solaires avant l\u2019automne\"},{\"@type\":\"BreadcrumbList\",\"@id\":\"https:\\\/\\\/www.pogar.ch\\\/webnew\\\/entretien-stores-bannes-protections-solaires-fin-ete\\\/#breadcrumb\",\"itemListElement\":[{\"@type\":\"ListItem\",\"position\":1,\"name\":\"Accueil\",\"item\":\"https:\\\/\\\/www.pogar.ch\\\/webnew\\\/\"},{\"@type\":\"ListItem\",\"position\":2,\"name\":\"Fin d\u2019\u00e9t\u00e9 : comment entretenir stores, bannes et protections solaires avant l\u2019automne ?\"}]},{\"@type\":\"WebSite\",\"@id\":\"https:\\\/\\\/www.pogar.ch\\\/webnew\\\/#website\",\"url\":\"https:\\\/\\\/www.pogar.ch\\\/webnew\\\/\",\"name\":\"Pogar S.A.\",\"description\":\"Portes de garage - Portes d&#039;entr\u00e9e - Portails\",\"publisher\":{\"@id\":\"https:\\\/\\\/www.pogar.ch\\\/webnew\\\/#organization\"},\"potentialAction\":[{\"@type\":\"SearchAction\",\"target\":{\"@type\":\"EntryPoint\",\"urlTemplate\":\"https:\\\/\\\/www.pogar.ch\\\/webnew\\\/?s={search_term_string}\"},\"query-input\":{\"@type\":\"PropertyValueSpecification\",\"valueRequired\":true,\"valueName\":\"search_term_string\"}}],\"inLanguage\":\"fr-FR\"},{\"@type\":\"Organization\",\"@id\":\"https:\\\/\\\/www.pogar.ch\\\/webnew\\\/#organization\",\"name\":\"Pogar S.A.\",\"url\":\"https:\\\/\\\/www.pogar.ch\\\/webnew\\\/\",\"logo\":{\"@type\":\"ImageObject\",\"inLanguage\":\"fr-FR\",\"@id\":\"https:\\\/\\\/www.pogar.ch\\\/webnew\\\/#\\\/schema\\\/logo\\\/image\\\/\",\"url\":\"https:\\\/\\\/www.pogar.ch\\\/webnew\\\/wp-content\\\/uploads\\\/2019\\\/09\\\/logo-positif-pogar.png\",\"contentUrl\":\"https:\\\/\\\/www.pogar.ch\\\/webnew\\\/wp-content\\\/uploads\\\/2019\\\/09\\\/logo-positif-pogar.png\",\"width\":254,\"height\":210,\"caption\":\"Pogar S.A.\"},\"image\":{\"@id\":\"https:\\\/\\\/www.pogar.ch\\\/webnew\\\/#\\\/schema\\\/logo\\\/image\\\/\"},\"sameAs\":[\"https:\\\/\\\/www.facebook.com\\\/POGAR-Team-139006666269936\\\/\",\"https:\\\/\\\/www.instagram.com\\\/pogar_sa\\\/\",\"https:\\\/\\\/www.linkedin.com\\\/company\\\/81284588\\\/\"]},{\"@type\":\"Person\",\"@id\":\"https:\\\/\\\/www.pogar.ch\\\/webnew\\\/#\\\/schema\\\/person\\\/6cb4f0ec03ff6e07fc37012a0b38290f\",\"name\":\"Patrick Malagoli\",\"image\":{\"@type\":\"ImageObject\",\"inLanguage\":\"fr-FR\",\"@id\":\"https:\\\/\\\/secure.gravatar.com\\\/avatar\\\/01bc25372198c132d9239e859630c48106e18deee30dce9e86ace624bfc0b87d?s=96&d=mm&r=g\",\"url\":\"https:\\\/\\\/secure.gravatar.com\\\/avatar\\\/01bc25372198c132d9239e859630c48106e18deee30dce9e86ace624bfc0b87d?s=96&d=mm&r=g\",\"contentUrl\":\"https:\\\/\\\/secure.gravatar.com\\\/avatar\\\/01bc25372198c132d9239e859630c48106e18deee30dce9e86ace624bfc0b87d?s=96&d=mm&r=g\",\"caption\":\"Patrick Malagoli\"},\"url\":\"https:\\\/\\\/www.pogar.ch\\\/webnew\\\/author\\\/patrick\\\/\"}]}<\/script>\n<!-- \/ Yoast SEO Premium plugin. -->","yoast_head_json":{"title":"Entretenir stores, bannes et protections solaires avant l\u2019automne","description":"Fin d\u2019\u00e9t\u00e9 : d\u00e9couvrez comment nettoyer stores, bannes et protections solaires avant l\u2019automne pour prolonger leur dur\u00e9e de vie.","robots":{"index":"index","follow":"follow","max-snippet":"max-snippet:-1","max-image-preview":"max-image-preview:large","max-video-preview":"max-video-preview:-1"},"canonical":"https:\/\/www.pogar.ch\/webnew\/entretien-stores-bannes-protections-solaires-fin-ete\/","og_locale":"fr_FR","og_type":"article","og_title":"Fin d\u2019\u00e9t\u00e9 : comment entretenir stores, bannes et protections solaires avant l\u2019automne ?","og_description":"Fin d\u2019\u00e9t\u00e9 : d\u00e9couvrez comment nettoyer stores, bannes et protections solaires avant l\u2019automne pour prolonger leur dur\u00e9e de vie.","og_url":"https:\/\/www.pogar.ch\/webnew\/entretien-stores-bannes-protections-solaires-fin-ete\/","og_site_name":"Pogar S.A.","article_publisher":"https:\/\/www.facebook.com\/POGAR-Team-139006666269936\/","article_published_time":"2026-08-31T11:55:55+00:00","article_modified_time":"2026-08-31T12:10:25+00:00","og_image":[{"width":1536,"height":1024,"url":"https:\/\/www.pogar.ch\/webnew\/wp-content\/uploads\/2026\/08\/comment-entretenir-stores-bannes-et-protections-solaires-avant-lautomne-pogar-new.webp","type":"image\/webp"}],"author":"Patrick Malagoli","twitter_card":"summary_large_image","twitter_misc":{"\u00c9crit par":"Patrick Malagoli","Dur\u00e9e de lecture estim\u00e9e":"5 minutes"},"schema":{"@context":"https:\/\/schema.org","@graph":[{"@type":"Article","@id":"https:\/\/www.pogar.ch\/webnew\/entretien-stores-bannes-protections-solaires-fin-ete\/#article","isPartOf":{"@id":"https:\/\/www.pogar.ch\/webnew\/entretien-stores-bannes-protections-solaires-fin-ete\/"},"author":{"name":"Patrick Malagoli","@id":"https:\/\/www.pogar.ch\/webnew\/#\/schema\/person\/6cb4f0ec03ff6e07fc37012a0b38290f"},"headline":"Fin d\u2019\u00e9t\u00e9 : comment entretenir stores, bannes et protections solaires avant l\u2019automne ?","datePublished":"2026-08-31T11:55:55+00:00","dateModified":"2026-08-31T12:10:25+00:00","mainEntityOfPage":{"@id":"https:\/\/www.pogar.ch\/webnew\/entretien-stores-bannes-protections-solaires-fin-ete\/"},"wordCount":1011,"publisher":{"@id":"https:\/\/www.pogar.ch\/webnew\/#organization"},"image":{"@id":"https:\/\/www.pogar.ch\/webnew\/entretien-stores-bannes-protections-solaires-fin-ete\/#primaryimage"},"thumbnailUrl":"https:\/\/www.pogar.ch\/webnew\/wp-content\/uploads\/2026\/08\/comment-entretenir-stores-bannes-et-protections-solaires-avant-lautomne-pogar-new.webp","keywords":["entretien store banne","nettoyage protection solaire","pr\u00e9parer store avant automne","toile \u00e0 enroulement ext\u00e9rieur"],"articleSection":["Conseils et astuces"],"inLanguage":"fr-FR"},{"@type":"WebPage","@id":"https:\/\/www.pogar.ch\/webnew\/entretien-stores-bannes-protections-solaires-fin-ete\/","url":"https:\/\/www.pogar.ch\/webnew\/entretien-stores-bannes-protections-solaires-fin-ete\/","name":"Entretenir stores, bannes et protections solaires avant l\u2019automne","isPartOf":{"@id":"https:\/\/www.pogar.ch\/webnew\/#website"},"primaryImageOfPage":{"@id":"https:\/\/www.pogar.ch\/webnew\/entretien-stores-bannes-protections-solaires-fin-ete\/#primaryimage"},"image":{"@id":"https:\/\/www.pogar.ch\/webnew\/entretien-stores-bannes-protections-solaires-fin-ete\/#primaryimage"},"thumbnailUrl":"https:\/\/www.pogar.ch\/webnew\/wp-content\/uploads\/2026\/08\/comment-entretenir-stores-bannes-et-protections-solaires-avant-lautomne-pogar-new.webp","datePublished":"2026-08-31T11:55:55+00:00","dateModified":"2026-08-31T12:10:25+00:00","description":"Fin d\u2019\u00e9t\u00e9 : d\u00e9couvrez comment nettoyer stores, bannes et protections solaires avant l\u2019automne pour prolonger leur dur\u00e9e de vie.","breadcrumb":{"@id":"https:\/\/www.pogar.ch\/webnew\/entretien-stores-bannes-protections-solaires-fin-ete\/#breadcrumb"},"inLanguage":"fr-FR","potentialAction":[{"@type":"ReadAction","target":["https:\/\/www.pogar.ch\/webnew\/entretien-stores-bannes-protections-solaires-fin-ete\/"]}]},{"@type":"ImageObject","inLanguage":"fr-FR","@id":"https:\/\/www.pogar.ch\/webnew\/entretien-stores-bannes-protections-solaires-fin-ete\/#primaryimage","url":"https:\/\/www.pogar.ch\/webnew\/wp-content\/uploads\/2026\/08\/comment-entretenir-stores-bannes-et-protections-solaires-avant-lautomne-pogar-new.webp","contentUrl":"https:\/\/www.pogar.ch\/webnew\/wp-content\/uploads\/2026\/08\/comment-entretenir-stores-bannes-et-protections-solaires-avant-lautomne-pogar-new.webp","width":1536,"height":1024,"caption":"comment entretenir stores, bannes et protections solaires avant l\u2019automne"},{"@type":"BreadcrumbList","@id":"https:\/\/www.pogar.ch\/webnew\/entretien-stores-bannes-protections-solaires-fin-ete\/#breadcrumb","itemListElement":[{"@type":"ListItem","position":1,"name":"Accueil","item":"https:\/\/www.pogar.ch\/webnew\/"},{"@type":"ListItem","position":2,"name":"Fin d\u2019\u00e9t\u00e9 : comment entretenir stores, bannes et protections solaires avant l\u2019automne ?"}]},{"@type":"WebSite","@id":"https:\/\/www.pogar.ch\/webnew\/#website","url":"https:\/\/www.pogar.ch\/webnew\/","name":"Pogar S.A.","description":"Portes de garage - Portes d&#039;entr\u00e9e - Portails","publisher":{"@id":"https:\/\/www.pogar.ch\/webnew\/#organization"},"potentialAction":[{"@type":"SearchAction","target":{"@type":"EntryPoint","urlTemplate":"https:\/\/www.pogar.ch\/webnew\/?s={search_term_string}"},"query-input":{"@type":"PropertyValueSpecification","valueRequired":true,"valueName":"search_term_string"}}],"inLanguage":"fr-FR"},{"@type":"Organization","@id":"https:\/\/www.pogar.ch\/webnew\/#organization","name":"Pogar S.A.","url":"https:\/\/www.pogar.ch\/webnew\/","logo":{"@type":"ImageObject","inLanguage":"fr-FR","@id":"https:\/\/www.pogar.ch\/webnew\/#\/schema\/logo\/image\/","url":"https:\/\/www.pogar.ch\/webnew\/wp-content\/uploads\/2019\/09\/logo-positif-pogar.png","contentUrl":"https:\/\/www.pogar.ch\/webnew\/wp-content\/uploads\/2019\/09\/logo-positif-pogar.png","width":254,"height":210,"caption":"Pogar S.A."},"image":{"@id":"https:\/\/www.pogar.ch\/webnew\/#\/schema\/logo\/image\/"},"sameAs":["https:\/\/www.facebook.com\/POGAR-Team-139006666269936\/","https:\/\/www.instagram.com\/pogar_sa\/","https:\/\/www.linkedin.com\/company\/81284588\/"]},{"@type":"Person","@id":"https:\/\/www.pogar.ch\/webnew\/#\/schema\/person\/6cb4f0ec03ff6e07fc37012a0b38290f","name":"Patrick Malagoli","image":{"@type":"ImageObject","inLanguage":"fr-FR","@id":"https:\/\/secure.gravatar.com\/avatar\/01bc25372198c132d9239e859630c48106e18deee30dce9e86ace624bfc0b87d?s=96&d=mm&r=g","url":"https:\/\/secure.gravatar.com\/avatar\/01bc25372198c132d9239e859630c48106e18deee30dce9e86ace624bfc0b87d?s=96&d=mm&r=g","contentUrl":"https:\/\/secure.gravatar.com\/avatar\/01bc25372198c132d9239e859630c48106e18deee30dce9e86ace624bfc0b87d?s=96&d=mm&r=g","caption":"Patrick Malagoli"},"url":"https:\/\/www.pogar.ch\/webnew\/author\/patrick\/"}]}},"_links":{"self":[{"href":"https:\/\/www.pogar.ch\/webnew\/wp-json\/wp\/v2\/posts\/18618","targetHints":{"allow":["GET"]}}],"collection":[{"href":"https:\/\/www.pogar.ch\/webnew\/wp-json\/wp\/v2\/posts"}],"about":[{"href":"https:\/\/www.pogar.ch\/webnew\/wp-json\/wp\/v2\/types\/post"}],"author":[{"embeddable":true,"href":"https:\/\/www.pogar.ch\/webnew\/wp-json\/wp\/v2\/users\/2"}],"replies":[{"embeddable":true,"href":"https:\/\/www.pogar.ch\/webnew\/wp-json\/wp\/v2\/comments?post=18618"}],"version-history":[{"count":3,"href":"https:\/\/www.pogar.ch\/webnew\/wp-json\/wp\/v2\/posts\/18618\/revisions"}],"predecessor-version":[{"id":18620,"href":"https:\/\/www.pogar.ch\/webnew\/wp-json\/wp\/v2\/posts\/18618\/revisions\/18620"}],"wp:featuredmedia":[{"embeddable":true,"href":"https:\/\/www.pogar.ch\/webnew\/wp-json\/wp\/v2\/media\/18622"}],"wp:attachment":[{"href":"https:\/\/www.pogar.ch\/webnew\/wp-json\/wp\/v2\/media?parent=18618"}],"wp:term":[{"taxonomy":"category","embeddable":true,"href":"https:\/\/www.pogar.ch\/webnew\/wp-json\/wp\/v2\/categories?post=18618"},{"taxonomy":"post_tag","embeddable":true,"href":"https:\/\/www.pogar.ch\/webnew\/wp-json\/wp\/v2\/tags?post=18618"}],"curies":[{"name":"wp","href":"https:\/\/api.w.org\/{rel}","templated":true}]}}