{"id":18613,"date":"2026-08-20T13:48:31","date_gmt":"2026-08-20T11:48:31","guid":{"rendered":"https:\/\/www.pogar.ch\/webnew\/?p=18613"},"modified":"2026-08-31T14:12:03","modified_gmt":"2026-08-31T12:12:03","slug":"reprise-activite-controles-portes-industrielles-acces-professionnels","status":"publish","type":"post","link":"https:\/\/www.pogar.ch\/webnew\/reprise-activite-controles-portes-industrielles-acces-professionnels\/","title":{"rendered":"Reprise d\u2019activit\u00e9 : quels contr\u00f4les effectuer sur les portes industrielles et acc\u00e8s professionnels ?"},"content":{"rendered":"<div class=\"wpb-content-wrapper\" id=\"wpb-content-root\"><p>[vc_row css_animation=\u00a0\u00bb\u00a0\u00bb row_type=\u00a0\u00bbrow\u00a0\u00bb use_row_as_full_screen_section=\u00a0\u00bbno\u00a0\u00bb type=\u00a0\u00bbfull_width\u00a0\u00bb angled_section=\u00a0\u00bbno\u00a0\u00bb text_align=\u00a0\u00bbleft\u00a0\u00bb background_image_as_pattern=\u00a0\u00bbwithout_pattern\u00a0\u00bb][vc_column][vc_separator type=\u00a0\u00bbtransparent\u00a0\u00bb up=\u00a0\u00bb50&Prime; down=\u00a0\u00bb0&Prime;][vc_column_text]Apr\u00e8s la pause estivale, la reprise d\u2019activit\u00e9 remet imm\u00e9diatement les acc\u00e8s professionnels \u00e0 l\u2019\u00e9preuve : livraisons, v\u00e9hicules utilitaires, collaborateurs, fournisseurs, clients, mouvements de stock. Dans une entreprise, un atelier, un d\u00e9p\u00f4t ou un parking professionnel, une porte qui force ou un acc\u00e8s qui se bloque peut vite perturber toute l\u2019organisation.<\/p>\n<p>Un <strong>entretien porte industrielle<\/strong> avant ou juste apr\u00e8s la reprise permet de limiter les pannes, s\u00e9curiser les utilisateurs et prolonger la dur\u00e9e de vie des \u00e9quipements. Voici les contr\u00f4les \u00e0 pr\u00e9voir sur les portes sectionnelles industrielles, grilles, portails motoris\u00e9s et syst\u00e8mes de contr\u00f4le d\u2019acc\u00e8s.[\/vc_column_text][vc_separator type=\u00a0\u00bbsmall\u00a0\u00bb position=\u00a0\u00bbleft\u00a0\u00bb up=\u00a0\u00bb30&Prime; down=\u00a0\u00bb60&Prime;][vc_column_text]<\/p>\n<h3>Pourquoi contr\u00f4ler les acc\u00e8s professionnels apr\u00e8s l\u2019\u00e9t\u00e9 ?<\/h3>\n<p>Pendant l\u2019\u00e9t\u00e9, deux situations sont fr\u00e9quentes :<\/p>\n<ul>\n<li>l\u2019activit\u00e9 ralentit et les portes restent peu utilis\u00e9es pendant plusieurs semaines<\/li>\n<li>l\u2019activit\u00e9 continue, mais avec une \u00e9quipe r\u00e9duite et moins de surveillance technique<\/li>\n<\/ul>\n<p>&nbsp;<\/p>\n<p>Dans les deux cas, la reprise peut r\u00e9v\u00e9ler des probl\u00e8mes : bruit anormal, motorisation fatigu\u00e9e, capteur encrass\u00e9, t\u00e9l\u00e9commande perdue, badge encore actif ou porte mal align\u00e9e.<\/p>\n<p>Pour une entreprise, la s\u00e9curit\u00e9 acc\u00e8s entreprise ne concerne pas seulement la protection contre les intrusions. Elle concerne aussi la fluidit\u00e9 des d\u00e9placements, la s\u00e9curit\u00e9 du personnel et la continuit\u00e9 de l\u2019activit\u00e9.<\/p>\n<h3>1. Tester les cycles d\u2019ouverture et de fermeture<\/h3>\n<p>Une porte professionnelle peut effectuer de nombreux cycles par jour. Avant la reprise compl\u00e8te, testez plusieurs ouvertures et fermetures.<\/p>\n<p>\u00c0 observer :<\/p>\n<ul>\n<li>d\u00e9marrage fluide<\/li>\n<li>mouvement r\u00e9gulier<\/li>\n<li>absence d\u2019\u00e0-coups<\/li>\n<li>fermeture compl\u00e8te<\/li>\n<li>arr\u00eat sans choc<\/li>\n<li>moteur qui ne force pas<\/li>\n<li>temps d\u2019ouverture habituel<\/li>\n<\/ul>\n<p>&nbsp;<\/p>\n<p>Si la porte ralentit, s\u2019arr\u00eate ou repart en sens inverse, il faut identifier la cause avant que la panne ne bloque un acc\u00e8s strat\u00e9gique.<\/p>\n<h3>2. Contr\u00f4ler la porte sectionnelle industrielle<\/h3>\n<p>La porte sectionnelle industrielle est souvent utilis\u00e9e dans les ateliers, entrep\u00f4ts, quais ou parkings. Elle doit rester parfaitement guid\u00e9e et \u00e9quilibr\u00e9e.<\/p>\n<p>Points \u00e0 v\u00e9rifier :<\/p>\n<ul>\n<li>rails propres et non d\u00e9form\u00e9s<\/li>\n<li>galets en bon \u00e9tat<\/li>\n<li>panneaux bien align\u00e9s<\/li>\n<li>joints non arrach\u00e9s<\/li>\n<li>ressorts ou c\u00e2bles sans signe d\u2019usure visible<\/li>\n<li>absence de frottement lat\u00e9ral<\/li>\n<li>seuil d\u00e9gag\u00e9<\/li>\n<\/ul>\n<p>&nbsp;<\/p>\n<p>Un bruit m\u00e9tallique, une porte qui descend de travers ou un moteur qui semble peiner sont des signaux \u00e0 prendre au s\u00e9rieux.<\/p>\n<h3>3. V\u00e9rifier la motorisation et les s\u00e9curit\u00e9s<\/h3>\n<p>La maintenance porte garage professionnelle doit inclure un contr\u00f4le des organes motoris\u00e9s et des syst\u00e8mes de s\u00e9curit\u00e9.<\/p>\n<p>\u00c0 v\u00e9rifier :<\/p>\n<ul>\n<li>moteur<\/li>\n<li>armoire de commande<\/li>\n<li>fins de course<\/li>\n<li>arr\u00eat sur obstacle<\/li>\n<li>cellules photo\u00e9lectriques<\/li>\n<li>barres palpeuses, selon l\u2019installation<\/li>\n<li>signalisation lumineuse ou sonore<\/li>\n<li>d\u00e9verrouillage manuel<\/li>\n<\/ul>\n<p>&nbsp;<\/p>\n<p>Les capteurs peuvent \u00eatre perturb\u00e9s par la poussi\u00e8re, les insectes, les chocs ou un mauvais alignement. Un simple nettoyage peut r\u00e9soudre certains probl\u00e8mes, mais un d\u00e9faut r\u00e9current demande un r\u00e9glage professionnel.<\/p>\n<h3>4. Inspecter les grilles, rideaux m\u00e9talliques et portails<\/h3>\n<p>Les acc\u00e8s secondaires sont parfois oubli\u00e9s, alors qu\u2019ils sont essentiels pour la s\u00e9curit\u00e9 du site.<\/p>\n<p>\u00c0 contr\u00f4ler :<\/p>\n<ul>\n<li>grille qui monte et descend sans blocage<\/li>\n<li>lames non tordues<\/li>\n<li>coulisses propres<\/li>\n<li>serrure ou verrou fonctionnel<\/li>\n<li>portail qui ne frotte pas<\/li>\n<li>rail d\u00e9gag\u00e9 pour un portail coulissant<\/li>\n<li>gonds et but\u00e9es en bon \u00e9tat pour un portail battant<\/li>\n<\/ul>\n<p>&nbsp;<\/p>\n<p>Un acc\u00e8s secondaire mal entretenu peut devenir un point faible, aussi bien pour la s\u00e9curit\u00e9 que pour l\u2019exploitation quotidienne.<\/p>\n<h3>5. Mettre \u00e0 jour le contr\u00f4le d\u2019acc\u00e8s<\/h3>\n<p>La reprise est le bon moment pour faire le point sur les badges, t\u00e9l\u00e9commandes, digicodes et acc\u00e8s temporaires.<\/p>\n<p>\u00c0 v\u00e9rifier :<\/p>\n<ul>\n<li>badges encore attribu\u00e9s aux bonnes personnes<\/li>\n<li>t\u00e9l\u00e9commandes perdues ou non rendues<\/li>\n<li>codes transmis \u00e0 des prestataires pendant l\u2019\u00e9t\u00e9<\/li>\n<li>droits d\u2019acc\u00e8s de collaborateurs partis<\/li>\n<li>acc\u00e8s visiteurs ou livraison<\/li>\n<li>historique d\u2019incidents \u00e9ventuels<\/li>\n<\/ul>\n<p>&nbsp;<\/p>\n<p>Un syst\u00e8me bien g\u00e9r\u00e9 r\u00e9duit les risques d\u2019acc\u00e8s non autoris\u00e9s et facilite le travail des responsables de site.<\/p>\n<h3>6. Surveiller l\u2019usure li\u00e9e aux passages fr\u00e9quents<\/h3>\n<p>Dans un environnement professionnel, l\u2019usure est souvent plus rapide qu\u2019en usage r\u00e9sidentiel. Les cycles r\u00e9p\u00e9t\u00e9s sollicitent les pi\u00e8ces m\u00e9caniques, la motorisation et les s\u00e9curit\u00e9s.<\/p>\n<p>Signes \u00e0 surveiller :<\/p>\n<ul>\n<li>bruit plus fort qu\u2019avant<\/li>\n<li>vibrations<\/li>\n<li>temps d\u2019ouverture plus long<\/li>\n<li>fermeture incompl\u00e8te<\/li>\n<li>d\u00e9clenchements intempestifs<\/li>\n<li>pi\u00e8ces desserr\u00e9es<\/li>\n<li>traces de choc sur panneaux ou rails<\/li>\n<\/ul>\n<p>&nbsp;<\/p>\n<p>Ne pas attendre la panne compl\u00e8te permet de r\u00e9duire les interruptions d\u2019activit\u00e9.<\/p>\n<h3>Pourquoi faire appel \u00e0 Pogar SA ?<\/h3>\n<p>Pogar SA accompagne les entreprises, ateliers, d\u00e9p\u00f4ts, parkings et sites professionnels dans l\u2019installation, l\u2019entretien et la maintenance des acc\u00e8s motoris\u00e9s.<\/p>\n<p>L\u2019\u00e9quipe peut intervenir sur :<\/p>\n<ul>\n<li>portes industrielles<\/li>\n<li>portes sectionnelles industrielles<\/li>\n<li>grilles et rideaux m\u00e9talliques<\/li>\n<li>portails motoris\u00e9s<\/li>\n<li>syst\u00e8mes de contr\u00f4le d\u2019acc\u00e8s<\/li>\n<li>motorisations et s\u00e9curit\u00e9s<\/li>\n<li>maintenance pr\u00e9ventive<\/li>\n<\/ul>\n<p>&nbsp;<\/p>\n<p><strong>L\u2019objectif :<\/strong> garantir des acc\u00e8s fiables, s\u00e9curis\u00e9s et adapt\u00e9s au rythme r\u00e9el de votre activit\u00e9.<\/p>\n<h3>Conclusion<\/h3>\n<p>La reprise d\u2019activit\u00e9 est le moment id\u00e9al pour contr\u00f4ler les portes industrielles et acc\u00e8s professionnels. Tests de cycles, rails, motorisation, s\u00e9curit\u00e9s, grilles, badges et t\u00e9l\u00e9commandes : chaque point compte pour \u00e9viter une panne, un blocage ou un risque pour les utilisateurs.<\/p>\n<p>Avec un contr\u00f4le pr\u00e9ventif r\u00e9alis\u00e9 par Pogar SA, votre entreprise s\u00e9curise ses acc\u00e8s, prot\u00e8ge ses \u00e9quipes et assure une reprise plus fluide.[\/vc_column_text][vc_separator type=\u00a0\u00bbsmall\u00a0\u00bb position=\u00a0\u00bbleft\u00a0\u00bb up=\u00a0\u00bb30&Prime; down=\u00a0\u00bb60&Prime;][vc_column_text]<\/p>\n<h3>Besoin d\u2019un devis ?<\/h3>\n<p><strong><a href=\"https:\/\/www.pogar.ch\/webnew\/contact\/\" target=\"_blank\" rel=\"noopener\">Contactez l\u2019\u00e9quipe Pogar SA d\u00e8s maintenant<\/a><\/strong>[\/vc_column_text][vc_separator type=\u00a0\u00bbsmall\u00a0\u00bb position=\u00a0\u00bbleft\u00a0\u00bb up=\u00a0\u00bb30&Prime; down=\u00a0\u00bb60&Prime;][\/vc_column][\/vc_row][vc_row css_animation=\u00a0\u00bb\u00a0\u00bb row_type=\u00a0\u00bbrow\u00a0\u00bb use_row_as_full_screen_section=\u00a0\u00bbno\u00a0\u00bb type=\u00a0\u00bbfull_width\u00a0\u00bb angled_section=\u00a0\u00bbno\u00a0\u00bb text_align=\u00a0\u00bbleft\u00a0\u00bb background_image_as_pattern=\u00a0\u00bbwithout_pattern\u00a0\u00bb][vc_column][\/vc_column][\/vc_row]<\/p>\n<\/div>","protected":false},"excerpt":{"rendered":"<p>Apr\u00e8s l\u2019\u00e9t\u00e9, d\u00e9couvrez les contr\u00f4les essentiels \u00e0 effectuer sur vos portes industrielles, grilles, motorisations et acc\u00e8s professionnels.<\/p>\n","protected":false},"author":2,"featured_media":18616,"comment_status":"closed","ping_status":"closed","sticky":false,"template":"","format":"standard","meta":{"footnotes":""},"categories":[158,385],"tags":[386,389,387,388],"class_list":["post-18613","post","type-post","status-publish","format-standard","has-post-thumbnail","hentry","category-conseils-et-astuces","category-portes-industrielles","tag-entretien-porte-industrielle","tag-maintenance-porte-garage-professionnelle","tag-porte-sectionnelle-industrielle","tag-securite-acces-entreprise"],"yoast_head":"<!-- This site is optimized with the Yoast SEO Premium plugin v20.9 (Yoast SEO v28.3) - https:\/\/yoast.com\/product\/yoast-seo-premium-wordpress\/ -->\n<title>Reprise d\u2019activit\u00e9 : contr\u00f4les \u00e0 pr\u00e9voir sur vos portes industrielles<\/title>\n<meta name=\"description\" content=\"Apr\u00e8s l\u2019\u00e9t\u00e9, d\u00e9couvrez les contr\u00f4les essentiels \u00e0 effectuer sur vos portes industrielles, grilles, motorisations et acc\u00e8s professionnels.\" \/>\n<meta name=\"robots\" content=\"index, follow, max-snippet:-1, max-image-preview:large, max-video-preview:-1\" \/>\n<link rel=\"canonical\" href=\"https:\/\/www.pogar.ch\/webnew\/reprise-activite-controles-portes-industrielles-acces-professionnels\/\" \/>\n<meta property=\"og:locale\" content=\"fr_FR\" \/>\n<meta property=\"og:type\" content=\"article\" \/>\n<meta property=\"og:title\" content=\"Reprise d\u2019activit\u00e9 : quels contr\u00f4les effectuer sur les portes industrielles et acc\u00e8s professionnels ?\" \/>\n<meta property=\"og:description\" content=\"Apr\u00e8s l\u2019\u00e9t\u00e9, d\u00e9couvrez les contr\u00f4les essentiels \u00e0 effectuer sur vos portes industrielles, grilles, motorisations et acc\u00e8s professionnels.\" \/>\n<meta property=\"og:url\" content=\"https:\/\/www.pogar.ch\/webnew\/reprise-activite-controles-portes-industrielles-acces-professionnels\/\" \/>\n<meta property=\"og:site_name\" content=\"Pogar S.A.\" \/>\n<meta property=\"article:publisher\" content=\"https:\/\/www.facebook.com\/POGAR-Team-139006666269936\/\" \/>\n<meta property=\"article:published_time\" content=\"2026-08-20T11:48:31+00:00\" \/>\n<meta property=\"article:modified_time\" content=\"2026-08-31T12:12:03+00:00\" \/>\n<meta property=\"og:image\" content=\"https:\/\/www.pogar.ch\/webnew\/wp-content\/uploads\/2026\/08\/Porte-industrielle-Pogar.webp\" \/>\n\t<meta property=\"og:image:width\" content=\"1536\" \/>\n\t<meta property=\"og:image:height\" content=\"1024\" \/>\n\t<meta property=\"og:image:type\" content=\"image\/webp\" \/>\n<meta name=\"author\" content=\"Patrick Malagoli\" \/>\n<meta name=\"twitter:card\" content=\"summary_large_image\" \/>\n<meta name=\"twitter:label1\" content=\"\u00c9crit par\" \/>\n\t<meta name=\"twitter:data1\" content=\"Patrick Malagoli\" \/>\n\t<meta name=\"twitter:label2\" content=\"Dur\u00e9e de lecture estim\u00e9e\" \/>\n\t<meta name=\"twitter:data2\" content=\"5 minutes\" \/>\n<script type=\"application\/ld+json\" class=\"yoast-schema-graph\">{\"@context\":\"https:\\\/\\\/schema.org\",\"@graph\":[{\"@type\":\"Article\",\"@id\":\"https:\\\/\\\/www.pogar.ch\\\/webnew\\\/reprise-activite-controles-portes-industrielles-acces-professionnels\\\/#article\",\"isPartOf\":{\"@id\":\"https:\\\/\\\/www.pogar.ch\\\/webnew\\\/reprise-activite-controles-portes-industrielles-acces-professionnels\\\/\"},\"author\":{\"name\":\"Patrick Malagoli\",\"@id\":\"https:\\\/\\\/www.pogar.ch\\\/webnew\\\/#\\\/schema\\\/person\\\/6cb4f0ec03ff6e07fc37012a0b38290f\"},\"headline\":\"Reprise d\u2019activit\u00e9 : quels contr\u00f4les effectuer sur les portes industrielles et acc\u00e8s professionnels ?\",\"datePublished\":\"2026-08-20T11:48:31+00:00\",\"dateModified\":\"2026-08-31T12:12:03+00:00\",\"mainEntityOfPage\":{\"@id\":\"https:\\\/\\\/www.pogar.ch\\\/webnew\\\/reprise-activite-controles-portes-industrielles-acces-professionnels\\\/\"},\"wordCount\":1082,\"publisher\":{\"@id\":\"https:\\\/\\\/www.pogar.ch\\\/webnew\\\/#organization\"},\"image\":{\"@id\":\"https:\\\/\\\/www.pogar.ch\\\/webnew\\\/reprise-activite-controles-portes-industrielles-acces-professionnels\\\/#primaryimage\"},\"thumbnailUrl\":\"https:\\\/\\\/www.pogar.ch\\\/webnew\\\/wp-content\\\/uploads\\\/2026\\\/08\\\/Porte-industrielle-Pogar.webp\",\"keywords\":[\"entretien porte industrielle\",\"maintenance porte garage professionnelle\",\"porte sectionnelle industrielle\",\"s\u00e9curit\u00e9 acc\u00e8s entreprise\"],\"articleSection\":[\"Conseils et astuces\",\"Portes industrielles\"],\"inLanguage\":\"fr-FR\"},{\"@type\":\"WebPage\",\"@id\":\"https:\\\/\\\/www.pogar.ch\\\/webnew\\\/reprise-activite-controles-portes-industrielles-acces-professionnels\\\/\",\"url\":\"https:\\\/\\\/www.pogar.ch\\\/webnew\\\/reprise-activite-controles-portes-industrielles-acces-professionnels\\\/\",\"name\":\"Reprise d\u2019activit\u00e9 : contr\u00f4les \u00e0 pr\u00e9voir sur vos portes industrielles\",\"isPartOf\":{\"@id\":\"https:\\\/\\\/www.pogar.ch\\\/webnew\\\/#website\"},\"primaryImageOfPage\":{\"@id\":\"https:\\\/\\\/www.pogar.ch\\\/webnew\\\/reprise-activite-controles-portes-industrielles-acces-professionnels\\\/#primaryimage\"},\"image\":{\"@id\":\"https:\\\/\\\/www.pogar.ch\\\/webnew\\\/reprise-activite-controles-portes-industrielles-acces-professionnels\\\/#primaryimage\"},\"thumbnailUrl\":\"https:\\\/\\\/www.pogar.ch\\\/webnew\\\/wp-content\\\/uploads\\\/2026\\\/08\\\/Porte-industrielle-Pogar.webp\",\"datePublished\":\"2026-08-20T11:48:31+00:00\",\"dateModified\":\"2026-08-31T12:12:03+00:00\",\"description\":\"Apr\u00e8s l\u2019\u00e9t\u00e9, d\u00e9couvrez les contr\u00f4les essentiels \u00e0 effectuer sur vos portes industrielles, grilles, motorisations et acc\u00e8s professionnels.\",\"breadcrumb\":{\"@id\":\"https:\\\/\\\/www.pogar.ch\\\/webnew\\\/reprise-activite-controles-portes-industrielles-acces-professionnels\\\/#breadcrumb\"},\"inLanguage\":\"fr-FR\",\"potentialAction\":[{\"@type\":\"ReadAction\",\"target\":[\"https:\\\/\\\/www.pogar.ch\\\/webnew\\\/reprise-activite-controles-portes-industrielles-acces-professionnels\\\/\"]}]},{\"@type\":\"ImageObject\",\"inLanguage\":\"fr-FR\",\"@id\":\"https:\\\/\\\/www.pogar.ch\\\/webnew\\\/reprise-activite-controles-portes-industrielles-acces-professionnels\\\/#primaryimage\",\"url\":\"https:\\\/\\\/www.pogar.ch\\\/webnew\\\/wp-content\\\/uploads\\\/2026\\\/08\\\/Porte-industrielle-Pogar.webp\",\"contentUrl\":\"https:\\\/\\\/www.pogar.ch\\\/webnew\\\/wp-content\\\/uploads\\\/2026\\\/08\\\/Porte-industrielle-Pogar.webp\",\"width\":1536,\"height\":1024,\"caption\":\"Porte de garage industrielle Pogar\"},{\"@type\":\"BreadcrumbList\",\"@id\":\"https:\\\/\\\/www.pogar.ch\\\/webnew\\\/reprise-activite-controles-portes-industrielles-acces-professionnels\\\/#breadcrumb\",\"itemListElement\":[{\"@type\":\"ListItem\",\"position\":1,\"name\":\"Accueil\",\"item\":\"https:\\\/\\\/www.pogar.ch\\\/webnew\\\/\"},{\"@type\":\"ListItem\",\"position\":2,\"name\":\"Reprise d\u2019activit\u00e9 : quels contr\u00f4les effectuer sur les portes industrielles et acc\u00e8s professionnels ?\"}]},{\"@type\":\"WebSite\",\"@id\":\"https:\\\/\\\/www.pogar.ch\\\/webnew\\\/#website\",\"url\":\"https:\\\/\\\/www.pogar.ch\\\/webnew\\\/\",\"name\":\"Pogar S.A.\",\"description\":\"Portes de garage - Portes d&#039;entr\u00e9e - Portails\",\"publisher\":{\"@id\":\"https:\\\/\\\/www.pogar.ch\\\/webnew\\\/#organization\"},\"potentialAction\":[{\"@type\":\"SearchAction\",\"target\":{\"@type\":\"EntryPoint\",\"urlTemplate\":\"https:\\\/\\\/www.pogar.ch\\\/webnew\\\/?s={search_term_string}\"},\"query-input\":{\"@type\":\"PropertyValueSpecification\",\"valueRequired\":true,\"valueName\":\"search_term_string\"}}],\"inLanguage\":\"fr-FR\"},{\"@type\":\"Organization\",\"@id\":\"https:\\\/\\\/www.pogar.ch\\\/webnew\\\/#organization\",\"name\":\"Pogar S.A.\",\"url\":\"https:\\\/\\\/www.pogar.ch\\\/webnew\\\/\",\"logo\":{\"@type\":\"ImageObject\",\"inLanguage\":\"fr-FR\",\"@id\":\"https:\\\/\\\/www.pogar.ch\\\/webnew\\\/#\\\/schema\\\/logo\\\/image\\\/\",\"url\":\"https:\\\/\\\/www.pogar.ch\\\/webnew\\\/wp-content\\\/uploads\\\/2019\\\/09\\\/logo-positif-pogar.png\",\"contentUrl\":\"https:\\\/\\\/www.pogar.ch\\\/webnew\\\/wp-content\\\/uploads\\\/2019\\\/09\\\/logo-positif-pogar.png\",\"width\":254,\"height\":210,\"caption\":\"Pogar S.A.\"},\"image\":{\"@id\":\"https:\\\/\\\/www.pogar.ch\\\/webnew\\\/#\\\/schema\\\/logo\\\/image\\\/\"},\"sameAs\":[\"https:\\\/\\\/www.facebook.com\\\/POGAR-Team-139006666269936\\\/\",\"https:\\\/\\\/www.instagram.com\\\/pogar_sa\\\/\",\"https:\\\/\\\/www.linkedin.com\\\/company\\\/81284588\\\/\"]},{\"@type\":\"Person\",\"@id\":\"https:\\\/\\\/www.pogar.ch\\\/webnew\\\/#\\\/schema\\\/person\\\/6cb4f0ec03ff6e07fc37012a0b38290f\",\"name\":\"Patrick Malagoli\",\"image\":{\"@type\":\"ImageObject\",\"inLanguage\":\"fr-FR\",\"@id\":\"https:\\\/\\\/secure.gravatar.com\\\/avatar\\\/01bc25372198c132d9239e859630c48106e18deee30dce9e86ace624bfc0b87d?s=96&d=mm&r=g\",\"url\":\"https:\\\/\\\/secure.gravatar.com\\\/avatar\\\/01bc25372198c132d9239e859630c48106e18deee30dce9e86ace624bfc0b87d?s=96&d=mm&r=g\",\"contentUrl\":\"https:\\\/\\\/secure.gravatar.com\\\/avatar\\\/01bc25372198c132d9239e859630c48106e18deee30dce9e86ace624bfc0b87d?s=96&d=mm&r=g\",\"caption\":\"Patrick Malagoli\"},\"url\":\"https:\\\/\\\/www.pogar.ch\\\/webnew\\\/author\\\/patrick\\\/\"}]}<\/script>\n<!-- \/ Yoast SEO Premium plugin. -->","yoast_head_json":{"title":"Reprise d\u2019activit\u00e9 : contr\u00f4les \u00e0 pr\u00e9voir sur vos portes industrielles","description":"Apr\u00e8s l\u2019\u00e9t\u00e9, d\u00e9couvrez les contr\u00f4les essentiels \u00e0 effectuer sur vos portes industrielles, grilles, motorisations et acc\u00e8s professionnels.","robots":{"index":"index","follow":"follow","max-snippet":"max-snippet:-1","max-image-preview":"max-image-preview:large","max-video-preview":"max-video-preview:-1"},"canonical":"https:\/\/www.pogar.ch\/webnew\/reprise-activite-controles-portes-industrielles-acces-professionnels\/","og_locale":"fr_FR","og_type":"article","og_title":"Reprise d\u2019activit\u00e9 : quels contr\u00f4les effectuer sur les portes industrielles et acc\u00e8s professionnels ?","og_description":"Apr\u00e8s l\u2019\u00e9t\u00e9, d\u00e9couvrez les contr\u00f4les essentiels \u00e0 effectuer sur vos portes industrielles, grilles, motorisations et acc\u00e8s professionnels.","og_url":"https:\/\/www.pogar.ch\/webnew\/reprise-activite-controles-portes-industrielles-acces-professionnels\/","og_site_name":"Pogar S.A.","article_publisher":"https:\/\/www.facebook.com\/POGAR-Team-139006666269936\/","article_published_time":"2026-08-20T11:48:31+00:00","article_modified_time":"2026-08-31T12:12:03+00:00","og_image":[{"width":1536,"height":1024,"url":"https:\/\/www.pogar.ch\/webnew\/wp-content\/uploads\/2026\/08\/Porte-industrielle-Pogar.webp","type":"image\/webp"}],"author":"Patrick Malagoli","twitter_card":"summary_large_image","twitter_misc":{"\u00c9crit par":"Patrick Malagoli","Dur\u00e9e de lecture estim\u00e9e":"5 minutes"},"schema":{"@context":"https:\/\/schema.org","@graph":[{"@type":"Article","@id":"https:\/\/www.pogar.ch\/webnew\/reprise-activite-controles-portes-industrielles-acces-professionnels\/#article","isPartOf":{"@id":"https:\/\/www.pogar.ch\/webnew\/reprise-activite-controles-portes-industrielles-acces-professionnels\/"},"author":{"name":"Patrick Malagoli","@id":"https:\/\/www.pogar.ch\/webnew\/#\/schema\/person\/6cb4f0ec03ff6e07fc37012a0b38290f"},"headline":"Reprise d\u2019activit\u00e9 : quels contr\u00f4les effectuer sur les portes industrielles et acc\u00e8s professionnels ?","datePublished":"2026-08-20T11:48:31+00:00","dateModified":"2026-08-31T12:12:03+00:00","mainEntityOfPage":{"@id":"https:\/\/www.pogar.ch\/webnew\/reprise-activite-controles-portes-industrielles-acces-professionnels\/"},"wordCount":1082,"publisher":{"@id":"https:\/\/www.pogar.ch\/webnew\/#organization"},"image":{"@id":"https:\/\/www.pogar.ch\/webnew\/reprise-activite-controles-portes-industrielles-acces-professionnels\/#primaryimage"},"thumbnailUrl":"https:\/\/www.pogar.ch\/webnew\/wp-content\/uploads\/2026\/08\/Porte-industrielle-Pogar.webp","keywords":["entretien porte industrielle","maintenance porte garage professionnelle","porte sectionnelle industrielle","s\u00e9curit\u00e9 acc\u00e8s entreprise"],"articleSection":["Conseils et astuces","Portes industrielles"],"inLanguage":"fr-FR"},{"@type":"WebPage","@id":"https:\/\/www.pogar.ch\/webnew\/reprise-activite-controles-portes-industrielles-acces-professionnels\/","url":"https:\/\/www.pogar.ch\/webnew\/reprise-activite-controles-portes-industrielles-acces-professionnels\/","name":"Reprise d\u2019activit\u00e9 : contr\u00f4les \u00e0 pr\u00e9voir sur vos portes industrielles","isPartOf":{"@id":"https:\/\/www.pogar.ch\/webnew\/#website"},"primaryImageOfPage":{"@id":"https:\/\/www.pogar.ch\/webnew\/reprise-activite-controles-portes-industrielles-acces-professionnels\/#primaryimage"},"image":{"@id":"https:\/\/www.pogar.ch\/webnew\/reprise-activite-controles-portes-industrielles-acces-professionnels\/#primaryimage"},"thumbnailUrl":"https:\/\/www.pogar.ch\/webnew\/wp-content\/uploads\/2026\/08\/Porte-industrielle-Pogar.webp","datePublished":"2026-08-20T11:48:31+00:00","dateModified":"2026-08-31T12:12:03+00:00","description":"Apr\u00e8s l\u2019\u00e9t\u00e9, d\u00e9couvrez les contr\u00f4les essentiels \u00e0 effectuer sur vos portes industrielles, grilles, motorisations et acc\u00e8s professionnels.","breadcrumb":{"@id":"https:\/\/www.pogar.ch\/webnew\/reprise-activite-controles-portes-industrielles-acces-professionnels\/#breadcrumb"},"inLanguage":"fr-FR","potentialAction":[{"@type":"ReadAction","target":["https:\/\/www.pogar.ch\/webnew\/reprise-activite-controles-portes-industrielles-acces-professionnels\/"]}]},{"@type":"ImageObject","inLanguage":"fr-FR","@id":"https:\/\/www.pogar.ch\/webnew\/reprise-activite-controles-portes-industrielles-acces-professionnels\/#primaryimage","url":"https:\/\/www.pogar.ch\/webnew\/wp-content\/uploads\/2026\/08\/Porte-industrielle-Pogar.webp","contentUrl":"https:\/\/www.pogar.ch\/webnew\/wp-content\/uploads\/2026\/08\/Porte-industrielle-Pogar.webp","width":1536,"height":1024,"caption":"Porte de garage industrielle Pogar"},{"@type":"BreadcrumbList","@id":"https:\/\/www.pogar.ch\/webnew\/reprise-activite-controles-portes-industrielles-acces-professionnels\/#breadcrumb","itemListElement":[{"@type":"ListItem","position":1,"name":"Accueil","item":"https:\/\/www.pogar.ch\/webnew\/"},{"@type":"ListItem","position":2,"name":"Reprise d\u2019activit\u00e9 : quels contr\u00f4les effectuer sur les portes industrielles et acc\u00e8s professionnels ?"}]},{"@type":"WebSite","@id":"https:\/\/www.pogar.ch\/webnew\/#website","url":"https:\/\/www.pogar.ch\/webnew\/","name":"Pogar S.A.","description":"Portes de garage - Portes d&#039;entr\u00e9e - Portails","publisher":{"@id":"https:\/\/www.pogar.ch\/webnew\/#organization"},"potentialAction":[{"@type":"SearchAction","target":{"@type":"EntryPoint","urlTemplate":"https:\/\/www.pogar.ch\/webnew\/?s={search_term_string}"},"query-input":{"@type":"PropertyValueSpecification","valueRequired":true,"valueName":"search_term_string"}}],"inLanguage":"fr-FR"},{"@type":"Organization","@id":"https:\/\/www.pogar.ch\/webnew\/#organization","name":"Pogar S.A.","url":"https:\/\/www.pogar.ch\/webnew\/","logo":{"@type":"ImageObject","inLanguage":"fr-FR","@id":"https:\/\/www.pogar.ch\/webnew\/#\/schema\/logo\/image\/","url":"https:\/\/www.pogar.ch\/webnew\/wp-content\/uploads\/2019\/09\/logo-positif-pogar.png","contentUrl":"https:\/\/www.pogar.ch\/webnew\/wp-content\/uploads\/2019\/09\/logo-positif-pogar.png","width":254,"height":210,"caption":"Pogar S.A."},"image":{"@id":"https:\/\/www.pogar.ch\/webnew\/#\/schema\/logo\/image\/"},"sameAs":["https:\/\/www.facebook.com\/POGAR-Team-139006666269936\/","https:\/\/www.instagram.com\/pogar_sa\/","https:\/\/www.linkedin.com\/company\/81284588\/"]},{"@type":"Person","@id":"https:\/\/www.pogar.ch\/webnew\/#\/schema\/person\/6cb4f0ec03ff6e07fc37012a0b38290f","name":"Patrick Malagoli","image":{"@type":"ImageObject","inLanguage":"fr-FR","@id":"https:\/\/secure.gravatar.com\/avatar\/01bc25372198c132d9239e859630c48106e18deee30dce9e86ace624bfc0b87d?s=96&d=mm&r=g","url":"https:\/\/secure.gravatar.com\/avatar\/01bc25372198c132d9239e859630c48106e18deee30dce9e86ace624bfc0b87d?s=96&d=mm&r=g","contentUrl":"https:\/\/secure.gravatar.com\/avatar\/01bc25372198c132d9239e859630c48106e18deee30dce9e86ace624bfc0b87d?s=96&d=mm&r=g","caption":"Patrick Malagoli"},"url":"https:\/\/www.pogar.ch\/webnew\/author\/patrick\/"}]}},"_links":{"self":[{"href":"https:\/\/www.pogar.ch\/webnew\/wp-json\/wp\/v2\/posts\/18613","targetHints":{"allow":["GET"]}}],"collection":[{"href":"https:\/\/www.pogar.ch\/webnew\/wp-json\/wp\/v2\/posts"}],"about":[{"href":"https:\/\/www.pogar.ch\/webnew\/wp-json\/wp\/v2\/types\/post"}],"author":[{"embeddable":true,"href":"https:\/\/www.pogar.ch\/webnew\/wp-json\/wp\/v2\/users\/2"}],"replies":[{"embeddable":true,"href":"https:\/\/www.pogar.ch\/webnew\/wp-json\/wp\/v2\/comments?post=18613"}],"version-history":[{"count":3,"href":"https:\/\/www.pogar.ch\/webnew\/wp-json\/wp\/v2\/posts\/18613\/revisions"}],"predecessor-version":[{"id":18615,"href":"https:\/\/www.pogar.ch\/webnew\/wp-json\/wp\/v2\/posts\/18613\/revisions\/18615"}],"wp:featuredmedia":[{"embeddable":true,"href":"https:\/\/www.pogar.ch\/webnew\/wp-json\/wp\/v2\/media\/18616"}],"wp:attachment":[{"href":"https:\/\/www.pogar.ch\/webnew\/wp-json\/wp\/v2\/media?parent=18613"}],"wp:term":[{"taxonomy":"category","embeddable":true,"href":"https:\/\/www.pogar.ch\/webnew\/wp-json\/wp\/v2\/categories?post=18613"},{"taxonomy":"post_tag","embeddable":true,"href":"https:\/\/www.pogar.ch\/webnew\/wp-json\/wp\/v2\/tags?post=18613"}],"curies":[{"name":"wp","href":"https:\/\/api.w.org\/{rel}","templated":true}]}}