{"id":18604,"date":"2026-08-07T11:51:54","date_gmt":"2026-08-07T09:51:54","guid":{"rendered":"https:\/\/www.pogar.ch\/webnew\/?p=18604"},"modified":"2026-08-31T12:04:40","modified_gmt":"2026-08-31T10:04:40","slug":"entretien-porte-garage-rentree-controle-maintenance","status":"publish","type":"post","link":"https:\/\/www.pogar.ch\/webnew\/entretien-porte-garage-rentree-controle-maintenance\/","title":{"rendered":"Rentr\u00e9e : pourquoi faire contr\u00f4ler sa porte de garage avant la reprise du rythme quotidien ?"},"content":{"rendered":"<div class=\"wpb-content-wrapper\" id=\"wpb-content-root\"><p>[vc_row css_animation=\u00a0\u00bb\u00a0\u00bb row_type=\u00a0\u00bbrow\u00a0\u00bb use_row_as_full_screen_section=\u00a0\u00bbno\u00a0\u00bb type=\u00a0\u00bbfull_width\u00a0\u00bb angled_section=\u00a0\u00bbno\u00a0\u00bb text_align=\u00a0\u00bbleft\u00a0\u00bb background_image_as_pattern=\u00a0\u00bbwithout_pattern\u00a0\u00bb][vc_column][vc_separator type=\u00a0\u00bbtransparent\u00a0\u00bb up=\u00a0\u00bb50&Prime; down=\u00a0\u00bb0&Prime;][vc_column_text]\u00c0 la rentr\u00e9e, le rythme change rapidement : d\u00e9part au travail, trajets scolaires, activit\u00e9s, courses, rendez-vous. Dans beaucoup de foyers, la porte de garage est alors utilis\u00e9e plusieurs fois par jour, souvent matin et soir, parfois dans l\u2019urgence.<\/p>\n<p>Apr\u00e8s l\u2019\u00e9t\u00e9, une porte rest\u00e9e peu utilis\u00e9e ou au contraire fortement sollicit\u00e9e peut montrer des signes d\u2019usure : bruit inhabituel, mouvement moins fluide, t\u00e9l\u00e9commande capricieuse ou fermeture incompl\u00e8te. Un entretien porte de garage rentr\u00e9e permet d\u2019\u00e9viter qu\u2019un petit d\u00e9faut ne devienne une panne au mauvais moment.<\/p>\n<p>Voici les points \u00e0 contr\u00f4ler avant la reprise du quotidien.[\/vc_column_text][vc_separator type=\u00a0\u00bbsmall\u00a0\u00bb position=\u00a0\u00bbleft\u00a0\u00bb up=\u00a0\u00bb30&Prime; down=\u00a0\u00bb60&Prime;][vc_column_text]<\/p>\n<h3>Pourquoi la rentr\u00e9e est une p\u00e9riode sensible ?<\/h3>\n<p>Une porte garage usage quotidien doit fonctionner de mani\u00e8re fiable. En p\u00e9riode de reprise, les cycles d\u2019ouverture et de fermeture augmentent, et les utilisateurs sont souvent press\u00e9s.<\/p>\n<p>Les risques les plus fr\u00e9quents :<\/p>\n<ul>\n<li>porte qui force \u00e0 l\u2019ouverture<\/li>\n<li>moteur plus bruyant<\/li>\n<li>arr\u00eat en cours de course<\/li>\n<li>porte qui se referme mal<\/li>\n<li>t\u00e9l\u00e9commande qui r\u00e9pond une fois sur deux<\/li>\n<li>capteurs de s\u00e9curit\u00e9 perturb\u00e9s<\/li>\n<li>rail encombr\u00e9 ou galet us\u00e9<\/li>\n<\/ul>\n<p>&nbsp;<\/p>\n<p>Un contr\u00f4le pr\u00e9ventif est donc une bonne habitude avant septembre, surtout si la porte est motoris\u00e9e.<\/p>\n<h3>1. V\u00e9rifier les rails et le guidage<\/h3>\n<p>Les rails sont essentiels au bon mouvement de la porte. Apr\u00e8s l\u2019\u00e9t\u00e9, ils peuvent contenir poussi\u00e8re, feuilles, insectes, petits graviers ou salet\u00e9s ramen\u00e9es par les v\u00e9hicules.<\/p>\n<p>\u00c0 contr\u00f4ler :<\/p>\n<ul>\n<li>rails propres et d\u00e9gag\u00e9s<\/li>\n<li>absence d\u2019objet au sol<\/li>\n<li>galets bien positionn\u00e9s<\/li>\n<li>mouvement r\u00e9gulier de la porte<\/li>\n<li>pas de frottement visible<\/li>\n<li>aucun rail tordu ou desserr\u00e9<\/li>\n<\/ul>\n<p>&nbsp;<\/p>\n<p>Si la porte descend de travers ou accroche toujours au m\u00eame endroit, n\u2019insistez pas. Cela peut fatiguer la motorisation.<\/p>\n<h3>2. \u00c9couter les bruits inhabituels<\/h3>\n<p>Une porte de garage ne doit pas \u00eatre totalement silencieuse, mais un bruit nouveau m\u00e9rite attention.<\/p>\n<p>Signes \u00e0 surveiller :<\/p>\n<ul>\n<li>grincement<\/li>\n<li>claquement<\/li>\n<li>vibration<\/li>\n<li>frottement m\u00e9tallique<\/li>\n<li>moteur qui force<\/li>\n<li>\u00e0-coups pendant le mouvement<\/li>\n<\/ul>\n<p>&nbsp;<\/p>\n<p>Ces bruits peuvent venir d\u2019un galet us\u00e9, d\u2019un rail encrass\u00e9, d\u2019un ressort fatigu\u00e9, d\u2019un mauvais \u00e9quilibrage ou d\u2019un r\u00e9glage moteur \u00e0 reprendre.<\/p>\n<h3>3. Tester la motorisation<\/h3>\n<p>Une maintenance porte garage motoris\u00e9e doit inclure un test complet de la motorisation.<\/p>\n<p>V\u00e9rifiez :<\/p>\n<ul>\n<li>ouverture compl\u00e8te<\/li>\n<li>fermeture compl\u00e8te<\/li>\n<li>arr\u00eat sans choc<\/li>\n<li>mouvement fluide<\/li>\n<li>moteur qui ne chauffe pas anormalement<\/li>\n<li>absence d\u2019arr\u00eat impr\u00e9vu<\/li>\n<\/ul>\n<p>&nbsp;<\/p>\n<p>Si la porte s\u2019arr\u00eate, repart en sens inverse ou refuse de se fermer, il peut s\u2019agir d\u2019un capteur, d\u2019un r\u00e9glage de fin de course ou d\u2019un obstacle d\u00e9tect\u00e9.<\/p>\n<h3>4. Contr\u00f4ler les capteurs de s\u00e9curit\u00e9<\/h3>\n<p>Les capteurs prot\u00e8gent les personnes, les animaux, les v\u00e9los, les poussettes et les objets qui pourraient se trouver dans la zone de fermeture.<\/p>\n<p>\u00c0 faire :<\/p>\n<ul>\n<li>nettoyer les cellules avec un chiffon doux<\/li>\n<li>v\u00e9rifier qu\u2019elles sont bien align\u00e9es<\/li>\n<li>retirer les toiles d\u2019araign\u00e9e ou poussi\u00e8res<\/li>\n<li>contr\u00f4ler qu\u2019aucun objet ne coupe le faisceau<\/li>\n<\/ul>\n<p>&nbsp;<\/p>\n<p><strong>Test simple :<\/strong> placez un objet non fragile, comme un carton, dans la zone de d\u00e9tection pendant la fermeture. La porte doit s\u2019arr\u00eater ou remonter. Si ce n\u2019est pas le cas, faites contr\u00f4ler l\u2019installation.<\/p>\n<h3>5. V\u00e9rifier les t\u00e9l\u00e9commandes, badges et digicodes<\/h3>\n<p>La rentr\u00e9e est aussi le bon moment pour v\u00e9rifier les accessoires d\u2019acc\u00e8s.<\/p>\n<p>\u00c0 contr\u00f4ler :<\/p>\n<ul>\n<li>piles des t\u00e9l\u00e9commandes<\/li>\n<li>t\u00e9l\u00e9commandes perdues ou inutilis\u00e9es<\/li>\n<li>badges encore actifs<\/li>\n<li>digicode fonctionnel<\/li>\n<li>acc\u00e8s temporaires donn\u00e9s pendant les vacances<\/li>\n<\/ul>\n<p>&nbsp;<\/p>\n<p>Si une t\u00e9l\u00e9commande a \u00e9t\u00e9 pr\u00eat\u00e9e ou perdue, il est conseill\u00e9 de la d\u00e9sactiver pour s\u00e9curiser l\u2019acc\u00e8s au garage.<\/p>\n<h3>6. Ne pas forcer une porte bloqu\u00e9e<\/h3>\n<p>Si la porte de garage bloque, \u00e9vitez les gestes brusques. Forcer une porte motoris\u00e9e peut ab\u00eemer les rails, les galets, le moteur ou les syst\u00e8mes de s\u00e9curit\u00e9.<\/p>\n<p>\u00c0 \u00e9viter :<\/p>\n<ul>\n<li>tirer fortement sur la porte<\/li>\n<li>multiplier les commandes<\/li>\n<li>augmenter la force moteur sans diagnostic<\/li>\n<li>lubrifier les rails avec un produit gras<\/li>\n<li>d\u00e9monter les \u00e9l\u00e9ments sous tension<\/li>\n<\/ul>\n<p>&nbsp;<\/p>\n<p>Un professionnel pourra identifier la cause r\u00e9elle : obstacle, d\u00e9faut m\u00e9canique, \u00e9quilibrage, capteur ou motorisation.<\/p>\n<h3>Pourquoi faire appel \u00e0 Pogar SA ?<\/h3>\n<p>Pogar SA peut contr\u00f4ler votre porte de garage avant la reprise du rythme quotidien : rails, motorisation, t\u00e9l\u00e9commandes, capteurs, s\u00e9curit\u00e9 et r\u00e9glages. L\u2019objectif est simple : garantir une ouverture fiable matin et soir, \u00e9viter les pannes impr\u00e9vues et prolonger la dur\u00e9e de vie de l\u2019installation.<\/p>\n<h3>Conclusion<\/h3>\n<p>Avant la rentr\u00e9e, quelques v\u00e9rifications permettent d\u2019\u00e9viter bien des probl\u00e8mes : rails propres, bruits surveill\u00e9s, motorisation test\u00e9e, capteurs fonctionnels et t\u00e9l\u00e9commandes \u00e0 jour.<\/p>\n<p>Avec un contr\u00f4le pr\u00e9ventif r\u00e9alis\u00e9 par Pogar SA, votre porte de garage reste fiable, s\u00fbre et pr\u00eate \u00e0 suivre le rythme du quotidien.[\/vc_column_text][vc_separator type=\u00a0\u00bbsmall\u00a0\u00bb position=\u00a0\u00bbleft\u00a0\u00bb up=\u00a0\u00bb30&Prime; down=\u00a0\u00bb60&Prime;][vc_column_text]<\/p>\n<h3>Besoin d\u2019un devis ?<\/h3>\n<p><strong><a href=\"https:\/\/www.pogar.ch\/webnew\/contact\/\" target=\"_blank\" rel=\"noopener\">Contactez l\u2019\u00e9quipe Pogar SA d\u00e8s maintenant<\/a><\/strong>[\/vc_column_text][vc_separator type=\u00a0\u00bbsmall\u00a0\u00bb position=\u00a0\u00bbleft\u00a0\u00bb up=\u00a0\u00bb30&Prime; down=\u00a0\u00bb60&Prime;][\/vc_column][\/vc_row][vc_row css_animation=\u00a0\u00bb\u00a0\u00bb row_type=\u00a0\u00bbrow\u00a0\u00bb use_row_as_full_screen_section=\u00a0\u00bbno\u00a0\u00bb type=\u00a0\u00bbfull_width\u00a0\u00bb angled_section=\u00a0\u00bbno\u00a0\u00bb text_align=\u00a0\u00bbleft\u00a0\u00bb background_image_as_pattern=\u00a0\u00bbwithout_pattern\u00a0\u00bb][vc_column][\/vc_column][\/vc_row]<\/p>\n<\/div>","protected":false},"excerpt":{"rendered":"<p>Rentr\u00e9e : pourquoi faire contr\u00f4ler sa porte de garage avant la reprise ?<\/p>\n","protected":false},"author":2,"featured_media":16862,"comment_status":"closed","ping_status":"closed","sticky":false,"template":"","format":"standard","meta":{"footnotes":""},"categories":[158,135],"tags":[378,380,379],"class_list":["post-18604","post","type-post","status-publish","format-standard","has-post-thumbnail","hentry","category-conseils-et-astuces","category-portes-de-garage","tag-entretien-porte-de-garage-rentree","tag-maintenance-porte-garage-motorisee","tag-porte-garage-usage-quotidien"],"yoast_head":"<!-- This site is optimized with the Yoast SEO Premium plugin v20.9 (Yoast SEO v28.3) - https:\/\/yoast.com\/product\/yoast-seo-premium-wordpress\/ -->\n<title>Pourquoi faire contr\u00f4ler sa porte de garage avant la reprise ?<\/title>\n<meta name=\"description\" content=\"\u00c0 la rentr\u00e9e, la porte de garage est plus sollicit\u00e9e matin et soir. D\u00e9couvrez les points \u00e0 v\u00e9rifier pour \u00e9viter blocages, pannes et bruits inhabituels.\" \/>\n<meta name=\"robots\" content=\"index, follow, max-snippet:-1, max-image-preview:large, max-video-preview:-1\" \/>\n<link rel=\"canonical\" href=\"https:\/\/www.pogar.ch\/webnew\/entretien-porte-garage-rentree-controle-maintenance\/\" \/>\n<meta property=\"og:locale\" content=\"fr_FR\" \/>\n<meta property=\"og:type\" content=\"article\" \/>\n<meta property=\"og:title\" content=\"Rentr\u00e9e : pourquoi faire contr\u00f4ler sa porte de garage avant la reprise du rythme quotidien ?\" \/>\n<meta property=\"og:description\" content=\"\u00c0 la rentr\u00e9e, la porte de garage est plus sollicit\u00e9e matin et soir. D\u00e9couvrez les points \u00e0 v\u00e9rifier pour \u00e9viter blocages, pannes et bruits inhabituels.\" \/>\n<meta property=\"og:url\" content=\"https:\/\/www.pogar.ch\/webnew\/entretien-porte-garage-rentree-controle-maintenance\/\" \/>\n<meta property=\"og:site_name\" content=\"Pogar S.A.\" \/>\n<meta property=\"article:publisher\" content=\"https:\/\/www.facebook.com\/POGAR-Team-139006666269936\/\" \/>\n<meta property=\"article:published_time\" content=\"2026-08-07T09:51:54+00:00\" \/>\n<meta property=\"article:modified_time\" content=\"2026-08-31T10:04:40+00:00\" \/>\n<meta property=\"og:image\" content=\"https:\/\/www.pogar.ch\/webnew\/wp-content\/uploads\/2022\/06\/Porte-de-garage-re\u0301sidentielles-Pogar.jpg\" \/>\n\t<meta property=\"og:image:width\" content=\"1600\" \/>\n\t<meta property=\"og:image:height\" content=\"873\" \/>\n\t<meta property=\"og:image:type\" content=\"image\/jpeg\" \/>\n<meta name=\"author\" content=\"Patrick Malagoli\" \/>\n<meta name=\"twitter:card\" content=\"summary_large_image\" \/>\n<meta name=\"twitter:label1\" content=\"\u00c9crit par\" \/>\n\t<meta name=\"twitter:data1\" content=\"Patrick Malagoli\" \/>\n\t<meta name=\"twitter:label2\" content=\"Dur\u00e9e de lecture estim\u00e9e\" \/>\n\t<meta name=\"twitter:data2\" content=\"4 minutes\" \/>\n<script type=\"application\/ld+json\" class=\"yoast-schema-graph\">{\"@context\":\"https:\\\/\\\/schema.org\",\"@graph\":[{\"@type\":\"Article\",\"@id\":\"https:\\\/\\\/www.pogar.ch\\\/webnew\\\/entretien-porte-garage-rentree-controle-maintenance\\\/#article\",\"isPartOf\":{\"@id\":\"https:\\\/\\\/www.pogar.ch\\\/webnew\\\/entretien-porte-garage-rentree-controle-maintenance\\\/\"},\"author\":{\"name\":\"Patrick Malagoli\",\"@id\":\"https:\\\/\\\/www.pogar.ch\\\/webnew\\\/#\\\/schema\\\/person\\\/6cb4f0ec03ff6e07fc37012a0b38290f\"},\"headline\":\"Rentr\u00e9e : pourquoi faire contr\u00f4ler sa porte de garage avant la reprise du rythme quotidien ?\",\"datePublished\":\"2026-08-07T09:51:54+00:00\",\"dateModified\":\"2026-08-31T10:04:40+00:00\",\"mainEntityOfPage\":{\"@id\":\"https:\\\/\\\/www.pogar.ch\\\/webnew\\\/entretien-porte-garage-rentree-controle-maintenance\\\/\"},\"wordCount\":983,\"publisher\":{\"@id\":\"https:\\\/\\\/www.pogar.ch\\\/webnew\\\/#organization\"},\"image\":{\"@id\":\"https:\\\/\\\/www.pogar.ch\\\/webnew\\\/entretien-porte-garage-rentree-controle-maintenance\\\/#primaryimage\"},\"thumbnailUrl\":\"https:\\\/\\\/www.pogar.ch\\\/webnew\\\/wp-content\\\/uploads\\\/2022\\\/06\\\/Porte-de-garage-re\u0301sidentielles-Pogar.jpg\",\"keywords\":[\"entretien porte de garage rentr\u00e9e\",\"maintenance porte garage motoris\u00e9e\",\"porte garage usage quotidien\"],\"articleSection\":[\"Conseils et astuces\",\"Portes de garage\"],\"inLanguage\":\"fr-FR\"},{\"@type\":\"WebPage\",\"@id\":\"https:\\\/\\\/www.pogar.ch\\\/webnew\\\/entretien-porte-garage-rentree-controle-maintenance\\\/\",\"url\":\"https:\\\/\\\/www.pogar.ch\\\/webnew\\\/entretien-porte-garage-rentree-controle-maintenance\\\/\",\"name\":\"Pourquoi faire contr\u00f4ler sa porte de garage avant la reprise ?\",\"isPartOf\":{\"@id\":\"https:\\\/\\\/www.pogar.ch\\\/webnew\\\/#website\"},\"primaryImageOfPage\":{\"@id\":\"https:\\\/\\\/www.pogar.ch\\\/webnew\\\/entretien-porte-garage-rentree-controle-maintenance\\\/#primaryimage\"},\"image\":{\"@id\":\"https:\\\/\\\/www.pogar.ch\\\/webnew\\\/entretien-porte-garage-rentree-controle-maintenance\\\/#primaryimage\"},\"thumbnailUrl\":\"https:\\\/\\\/www.pogar.ch\\\/webnew\\\/wp-content\\\/uploads\\\/2022\\\/06\\\/Porte-de-garage-re\u0301sidentielles-Pogar.jpg\",\"datePublished\":\"2026-08-07T09:51:54+00:00\",\"dateModified\":\"2026-08-31T10:04:40+00:00\",\"description\":\"\u00c0 la rentr\u00e9e, la porte de garage est plus sollicit\u00e9e matin et soir. D\u00e9couvrez les points \u00e0 v\u00e9rifier pour \u00e9viter blocages, pannes et bruits inhabituels.\",\"breadcrumb\":{\"@id\":\"https:\\\/\\\/www.pogar.ch\\\/webnew\\\/entretien-porte-garage-rentree-controle-maintenance\\\/#breadcrumb\"},\"inLanguage\":\"fr-FR\",\"potentialAction\":[{\"@type\":\"ReadAction\",\"target\":[\"https:\\\/\\\/www.pogar.ch\\\/webnew\\\/entretien-porte-garage-rentree-controle-maintenance\\\/\"]}]},{\"@type\":\"ImageObject\",\"inLanguage\":\"fr-FR\",\"@id\":\"https:\\\/\\\/www.pogar.ch\\\/webnew\\\/entretien-porte-garage-rentree-controle-maintenance\\\/#primaryimage\",\"url\":\"https:\\\/\\\/www.pogar.ch\\\/webnew\\\/wp-content\\\/uploads\\\/2022\\\/06\\\/Porte-de-garage-re\u0301sidentielles-Pogar.jpg\",\"contentUrl\":\"https:\\\/\\\/www.pogar.ch\\\/webnew\\\/wp-content\\\/uploads\\\/2022\\\/06\\\/Porte-de-garage-re\u0301sidentielles-Pogar.jpg\",\"width\":1600,\"height\":873,\"caption\":\"Porte de garage sectionnelle\"},{\"@type\":\"BreadcrumbList\",\"@id\":\"https:\\\/\\\/www.pogar.ch\\\/webnew\\\/entretien-porte-garage-rentree-controle-maintenance\\\/#breadcrumb\",\"itemListElement\":[{\"@type\":\"ListItem\",\"position\":1,\"name\":\"Accueil\",\"item\":\"https:\\\/\\\/www.pogar.ch\\\/webnew\\\/\"},{\"@type\":\"ListItem\",\"position\":2,\"name\":\"Rentr\u00e9e : pourquoi faire contr\u00f4ler sa porte de garage avant la reprise du rythme quotidien ?\"}]},{\"@type\":\"WebSite\",\"@id\":\"https:\\\/\\\/www.pogar.ch\\\/webnew\\\/#website\",\"url\":\"https:\\\/\\\/www.pogar.ch\\\/webnew\\\/\",\"name\":\"Pogar S.A.\",\"description\":\"Portes de garage - Portes d&#039;entr\u00e9e - Portails\",\"publisher\":{\"@id\":\"https:\\\/\\\/www.pogar.ch\\\/webnew\\\/#organization\"},\"potentialAction\":[{\"@type\":\"SearchAction\",\"target\":{\"@type\":\"EntryPoint\",\"urlTemplate\":\"https:\\\/\\\/www.pogar.ch\\\/webnew\\\/?s={search_term_string}\"},\"query-input\":{\"@type\":\"PropertyValueSpecification\",\"valueRequired\":true,\"valueName\":\"search_term_string\"}}],\"inLanguage\":\"fr-FR\"},{\"@type\":\"Organization\",\"@id\":\"https:\\\/\\\/www.pogar.ch\\\/webnew\\\/#organization\",\"name\":\"Pogar S.A.\",\"url\":\"https:\\\/\\\/www.pogar.ch\\\/webnew\\\/\",\"logo\":{\"@type\":\"ImageObject\",\"inLanguage\":\"fr-FR\",\"@id\":\"https:\\\/\\\/www.pogar.ch\\\/webnew\\\/#\\\/schema\\\/logo\\\/image\\\/\",\"url\":\"https:\\\/\\\/www.pogar.ch\\\/webnew\\\/wp-content\\\/uploads\\\/2019\\\/09\\\/logo-positif-pogar.png\",\"contentUrl\":\"https:\\\/\\\/www.pogar.ch\\\/webnew\\\/wp-content\\\/uploads\\\/2019\\\/09\\\/logo-positif-pogar.png\",\"width\":254,\"height\":210,\"caption\":\"Pogar S.A.\"},\"image\":{\"@id\":\"https:\\\/\\\/www.pogar.ch\\\/webnew\\\/#\\\/schema\\\/logo\\\/image\\\/\"},\"sameAs\":[\"https:\\\/\\\/www.facebook.com\\\/POGAR-Team-139006666269936\\\/\",\"https:\\\/\\\/www.instagram.com\\\/pogar_sa\\\/\",\"https:\\\/\\\/www.linkedin.com\\\/company\\\/81284588\\\/\"]},{\"@type\":\"Person\",\"@id\":\"https:\\\/\\\/www.pogar.ch\\\/webnew\\\/#\\\/schema\\\/person\\\/6cb4f0ec03ff6e07fc37012a0b38290f\",\"name\":\"Patrick Malagoli\",\"image\":{\"@type\":\"ImageObject\",\"inLanguage\":\"fr-FR\",\"@id\":\"https:\\\/\\\/secure.gravatar.com\\\/avatar\\\/01bc25372198c132d9239e859630c48106e18deee30dce9e86ace624bfc0b87d?s=96&d=mm&r=g\",\"url\":\"https:\\\/\\\/secure.gravatar.com\\\/avatar\\\/01bc25372198c132d9239e859630c48106e18deee30dce9e86ace624bfc0b87d?s=96&d=mm&r=g\",\"contentUrl\":\"https:\\\/\\\/secure.gravatar.com\\\/avatar\\\/01bc25372198c132d9239e859630c48106e18deee30dce9e86ace624bfc0b87d?s=96&d=mm&r=g\",\"caption\":\"Patrick Malagoli\"},\"url\":\"https:\\\/\\\/www.pogar.ch\\\/webnew\\\/author\\\/patrick\\\/\"}]}<\/script>\n<!-- \/ Yoast SEO Premium plugin. -->","yoast_head_json":{"title":"Pourquoi faire contr\u00f4ler sa porte de garage avant la reprise ?","description":"\u00c0 la rentr\u00e9e, la porte de garage est plus sollicit\u00e9e matin et soir. D\u00e9couvrez les points \u00e0 v\u00e9rifier pour \u00e9viter blocages, pannes et bruits inhabituels.","robots":{"index":"index","follow":"follow","max-snippet":"max-snippet:-1","max-image-preview":"max-image-preview:large","max-video-preview":"max-video-preview:-1"},"canonical":"https:\/\/www.pogar.ch\/webnew\/entretien-porte-garage-rentree-controle-maintenance\/","og_locale":"fr_FR","og_type":"article","og_title":"Rentr\u00e9e : pourquoi faire contr\u00f4ler sa porte de garage avant la reprise du rythme quotidien ?","og_description":"\u00c0 la rentr\u00e9e, la porte de garage est plus sollicit\u00e9e matin et soir. D\u00e9couvrez les points \u00e0 v\u00e9rifier pour \u00e9viter blocages, pannes et bruits inhabituels.","og_url":"https:\/\/www.pogar.ch\/webnew\/entretien-porte-garage-rentree-controle-maintenance\/","og_site_name":"Pogar S.A.","article_publisher":"https:\/\/www.facebook.com\/POGAR-Team-139006666269936\/","article_published_time":"2026-08-07T09:51:54+00:00","article_modified_time":"2026-08-31T10:04:40+00:00","og_image":[{"width":1600,"height":873,"url":"https:\/\/www.pogar.ch\/webnew\/wp-content\/uploads\/2022\/06\/Porte-de-garage-re\u0301sidentielles-Pogar.jpg","type":"image\/jpeg"}],"author":"Patrick Malagoli","twitter_card":"summary_large_image","twitter_misc":{"\u00c9crit par":"Patrick Malagoli","Dur\u00e9e de lecture estim\u00e9e":"4 minutes"},"schema":{"@context":"https:\/\/schema.org","@graph":[{"@type":"Article","@id":"https:\/\/www.pogar.ch\/webnew\/entretien-porte-garage-rentree-controle-maintenance\/#article","isPartOf":{"@id":"https:\/\/www.pogar.ch\/webnew\/entretien-porte-garage-rentree-controle-maintenance\/"},"author":{"name":"Patrick Malagoli","@id":"https:\/\/www.pogar.ch\/webnew\/#\/schema\/person\/6cb4f0ec03ff6e07fc37012a0b38290f"},"headline":"Rentr\u00e9e : pourquoi faire contr\u00f4ler sa porte de garage avant la reprise du rythme quotidien ?","datePublished":"2026-08-07T09:51:54+00:00","dateModified":"2026-08-31T10:04:40+00:00","mainEntityOfPage":{"@id":"https:\/\/www.pogar.ch\/webnew\/entretien-porte-garage-rentree-controle-maintenance\/"},"wordCount":983,"publisher":{"@id":"https:\/\/www.pogar.ch\/webnew\/#organization"},"image":{"@id":"https:\/\/www.pogar.ch\/webnew\/entretien-porte-garage-rentree-controle-maintenance\/#primaryimage"},"thumbnailUrl":"https:\/\/www.pogar.ch\/webnew\/wp-content\/uploads\/2022\/06\/Porte-de-garage-re\u0301sidentielles-Pogar.jpg","keywords":["entretien porte de garage rentr\u00e9e","maintenance porte garage motoris\u00e9e","porte garage usage quotidien"],"articleSection":["Conseils et astuces","Portes de garage"],"inLanguage":"fr-FR"},{"@type":"WebPage","@id":"https:\/\/www.pogar.ch\/webnew\/entretien-porte-garage-rentree-controle-maintenance\/","url":"https:\/\/www.pogar.ch\/webnew\/entretien-porte-garage-rentree-controle-maintenance\/","name":"Pourquoi faire contr\u00f4ler sa porte de garage avant la reprise ?","isPartOf":{"@id":"https:\/\/www.pogar.ch\/webnew\/#website"},"primaryImageOfPage":{"@id":"https:\/\/www.pogar.ch\/webnew\/entretien-porte-garage-rentree-controle-maintenance\/#primaryimage"},"image":{"@id":"https:\/\/www.pogar.ch\/webnew\/entretien-porte-garage-rentree-controle-maintenance\/#primaryimage"},"thumbnailUrl":"https:\/\/www.pogar.ch\/webnew\/wp-content\/uploads\/2022\/06\/Porte-de-garage-re\u0301sidentielles-Pogar.jpg","datePublished":"2026-08-07T09:51:54+00:00","dateModified":"2026-08-31T10:04:40+00:00","description":"\u00c0 la rentr\u00e9e, la porte de garage est plus sollicit\u00e9e matin et soir. D\u00e9couvrez les points \u00e0 v\u00e9rifier pour \u00e9viter blocages, pannes et bruits inhabituels.","breadcrumb":{"@id":"https:\/\/www.pogar.ch\/webnew\/entretien-porte-garage-rentree-controle-maintenance\/#breadcrumb"},"inLanguage":"fr-FR","potentialAction":[{"@type":"ReadAction","target":["https:\/\/www.pogar.ch\/webnew\/entretien-porte-garage-rentree-controle-maintenance\/"]}]},{"@type":"ImageObject","inLanguage":"fr-FR","@id":"https:\/\/www.pogar.ch\/webnew\/entretien-porte-garage-rentree-controle-maintenance\/#primaryimage","url":"https:\/\/www.pogar.ch\/webnew\/wp-content\/uploads\/2022\/06\/Porte-de-garage-re\u0301sidentielles-Pogar.jpg","contentUrl":"https:\/\/www.pogar.ch\/webnew\/wp-content\/uploads\/2022\/06\/Porte-de-garage-re\u0301sidentielles-Pogar.jpg","width":1600,"height":873,"caption":"Porte de garage sectionnelle"},{"@type":"BreadcrumbList","@id":"https:\/\/www.pogar.ch\/webnew\/entretien-porte-garage-rentree-controle-maintenance\/#breadcrumb","itemListElement":[{"@type":"ListItem","position":1,"name":"Accueil","item":"https:\/\/www.pogar.ch\/webnew\/"},{"@type":"ListItem","position":2,"name":"Rentr\u00e9e : pourquoi faire contr\u00f4ler sa porte de garage avant la reprise du rythme quotidien ?"}]},{"@type":"WebSite","@id":"https:\/\/www.pogar.ch\/webnew\/#website","url":"https:\/\/www.pogar.ch\/webnew\/","name":"Pogar S.A.","description":"Portes de garage - Portes d&#039;entr\u00e9e - Portails","publisher":{"@id":"https:\/\/www.pogar.ch\/webnew\/#organization"},"potentialAction":[{"@type":"SearchAction","target":{"@type":"EntryPoint","urlTemplate":"https:\/\/www.pogar.ch\/webnew\/?s={search_term_string}"},"query-input":{"@type":"PropertyValueSpecification","valueRequired":true,"valueName":"search_term_string"}}],"inLanguage":"fr-FR"},{"@type":"Organization","@id":"https:\/\/www.pogar.ch\/webnew\/#organization","name":"Pogar S.A.","url":"https:\/\/www.pogar.ch\/webnew\/","logo":{"@type":"ImageObject","inLanguage":"fr-FR","@id":"https:\/\/www.pogar.ch\/webnew\/#\/schema\/logo\/image\/","url":"https:\/\/www.pogar.ch\/webnew\/wp-content\/uploads\/2019\/09\/logo-positif-pogar.png","contentUrl":"https:\/\/www.pogar.ch\/webnew\/wp-content\/uploads\/2019\/09\/logo-positif-pogar.png","width":254,"height":210,"caption":"Pogar S.A."},"image":{"@id":"https:\/\/www.pogar.ch\/webnew\/#\/schema\/logo\/image\/"},"sameAs":["https:\/\/www.facebook.com\/POGAR-Team-139006666269936\/","https:\/\/www.instagram.com\/pogar_sa\/","https:\/\/www.linkedin.com\/company\/81284588\/"]},{"@type":"Person","@id":"https:\/\/www.pogar.ch\/webnew\/#\/schema\/person\/6cb4f0ec03ff6e07fc37012a0b38290f","name":"Patrick Malagoli","image":{"@type":"ImageObject","inLanguage":"fr-FR","@id":"https:\/\/secure.gravatar.com\/avatar\/01bc25372198c132d9239e859630c48106e18deee30dce9e86ace624bfc0b87d?s=96&d=mm&r=g","url":"https:\/\/secure.gravatar.com\/avatar\/01bc25372198c132d9239e859630c48106e18deee30dce9e86ace624bfc0b87d?s=96&d=mm&r=g","contentUrl":"https:\/\/secure.gravatar.com\/avatar\/01bc25372198c132d9239e859630c48106e18deee30dce9e86ace624bfc0b87d?s=96&d=mm&r=g","caption":"Patrick Malagoli"},"url":"https:\/\/www.pogar.ch\/webnew\/author\/patrick\/"}]}},"_links":{"self":[{"href":"https:\/\/www.pogar.ch\/webnew\/wp-json\/wp\/v2\/posts\/18604","targetHints":{"allow":["GET"]}}],"collection":[{"href":"https:\/\/www.pogar.ch\/webnew\/wp-json\/wp\/v2\/posts"}],"about":[{"href":"https:\/\/www.pogar.ch\/webnew\/wp-json\/wp\/v2\/types\/post"}],"author":[{"embeddable":true,"href":"https:\/\/www.pogar.ch\/webnew\/wp-json\/wp\/v2\/users\/2"}],"replies":[{"embeddable":true,"href":"https:\/\/www.pogar.ch\/webnew\/wp-json\/wp\/v2\/comments?post=18604"}],"version-history":[{"count":3,"href":"https:\/\/www.pogar.ch\/webnew\/wp-json\/wp\/v2\/posts\/18604\/revisions"}],"predecessor-version":[{"id":18606,"href":"https:\/\/www.pogar.ch\/webnew\/wp-json\/wp\/v2\/posts\/18604\/revisions\/18606"}],"wp:featuredmedia":[{"embeddable":true,"href":"https:\/\/www.pogar.ch\/webnew\/wp-json\/wp\/v2\/media\/16862"}],"wp:attachment":[{"href":"https:\/\/www.pogar.ch\/webnew\/wp-json\/wp\/v2\/media?parent=18604"}],"wp:term":[{"taxonomy":"category","embeddable":true,"href":"https:\/\/www.pogar.ch\/webnew\/wp-json\/wp\/v2\/categories?post=18604"},{"taxonomy":"post_tag","embeddable":true,"href":"https:\/\/www.pogar.ch\/webnew\/wp-json\/wp\/v2\/tags?post=18604"}],"curies":[{"name":"wp","href":"https:\/\/api.w.org\/{rel}","templated":true}]}}