{"id":18533,"date":"2026-05-01T09:29:12","date_gmt":"2026-05-01T07:29:12","guid":{"rendered":"https:\/\/www.pogar.ch\/webnew\/?p=18533"},"modified":"2026-05-01T10:28:09","modified_gmt":"2026-05-01T08:28:09","slug":"orientation-options-pergola-bioclimatique-mai-sans-effet-serre","status":"publish","type":"post","link":"https:\/\/www.pogar.ch\/webnew\/orientation-options-pergola-bioclimatique-mai-sans-effet-serre\/","title":{"rendered":"Pergola bioclimatique : quelle orientation et quelles options choisir pour profiter de mai sans effet de serre"},"content":{"rendered":"<section class=\"wpb-content-wrapper\"><p>[vc_row css_animation=\u00a0\u00bb\u00a0\u00bb row_type=\u00a0\u00bbrow\u00a0\u00bb use_row_as_full_screen_section=\u00a0\u00bbno\u00a0\u00bb type=\u00a0\u00bbfull_width\u00a0\u00bb angled_section=\u00a0\u00bbno\u00a0\u00bb text_align=\u00a0\u00bbleft\u00a0\u00bb background_image_as_pattern=\u00a0\u00bbwithout_pattern\u00a0\u00bb][vc_column][vc_separator type=\u00a0\u00bbtransparent\u00a0\u00bb up=\u00a0\u00bb50&Prime; down=\u00a0\u00bb0&Prime;][vc_column_text]En mai, le soleil est d\u00e9j\u00e0 puissant, mais les temp\u00e9ratures restent variables. C\u2019est exactement la p\u00e9riode o\u00f9 une pergola mal orient\u00e9e ou mal \u00e9quip\u00e9e peut cr\u00e9er un inconfort : chaleur bloqu\u00e9e sous toiture, air qui stagne, soleil rasant en fin de journ\u00e9e. L\u2019objectif d\u2019une pergola bioclimatique, c\u2019est l\u2019inverse : ombrager, ventiler, prot\u00e9ger, tout en restant agr\u00e9able.<\/p>\n<p>Voici des pergola bioclimatique conseils concrets pour choisir la bonne orientation et les options utiles, afin d\u2019\u00e9viter l\u2019effet \u201cserre\u201d d\u00e8s les premi\u00e8res journ\u00e9es chaudes.[\/vc_column_text][vc_separator type=\u00a0\u00bbsmall\u00a0\u00bb position=\u00a0\u00bbleft\u00a0\u00bb up=\u00a0\u00bb30&Prime; down=\u00a0\u00bb60&Prime;][vc_column_text]<\/p>\n<h3>1) Orientation : midi n\u2019est pas le seul probl\u00e8me<\/h3>\n<h5>Terrasse plein sud (soleil fort \u00e0 midi)<\/h5>\n<p>C\u2019est l\u2019orientation la plus exigeante au printemps. L\u2019avantage : vous avez beaucoup de lumi\u00e8re. Le risque : surchauffe si l\u2019air ne circule pas.<\/p>\n<ul>\n<li>Priorit\u00e9s :\n<ul>\n<li>Lames orientables pour doser l\u2019ombre \u00e0 midi<\/li>\n<\/ul>\n<\/li>\n<li>Ventilation naturelle (lames entrouvertes) pour \u00e9vacuer l\u2019air chaud<\/li>\n<li>Stores lat\u00e9raux surtout si le soleil \u201ctourne\u201d en fin d\u2019apr\u00e8s-midi<\/li>\n<\/ul>\n<p>&nbsp;<\/p>\n<h5>Terrasse ouest (soleil du soir)<\/h5>\n<p>C\u2019est souvent la source num\u00e9ro 1 d\u2019inconfort en mai : soleil bas, \u00e9blouissement, chaleur persistante en fin de journ\u00e9e.<\/p>\n<ul>\n<li>Priorit\u00e9s :\n<ul>\n<li>Stores lat\u00e9raux (type screen) sur le c\u00f4t\u00e9 expos\u00e9 au soleil rasant<\/li>\n<\/ul>\n<\/li>\n<li>Lames orientables + r\u00e9glage fin pour couper l\u2019\u00e9blouissement sans assombrir<\/li>\n<li>Option \u00e9clairage pour prolonger les soir\u00e9es quand le soleil dispara\u00eet<\/li>\n<\/ul>\n<p>&nbsp;<\/p>\n<h5>Terrasse est (soleil du matin)<\/h5>\n<p>Plus facile \u00e0 g\u00e9rer : le pic de chaleur est moins long. Tr\u00e8s agr\u00e9able au printemps.<\/p>\n<ul>\n<li>Priorit\u00e9s :\n<ul>\n<li>Lames orientables pour filtrer le soleil matinal<\/li>\n<\/ul>\n<\/li>\n<li>Stores lat\u00e9raux optionnels (selon vis-\u00e0-vis et vent)<\/li>\n<\/ul>\n<p>&nbsp;<\/p>\n<h5>Terrasse nord (peu de soleil direct)<\/h5>\n<p>Le risque d\u2019effet de serre est faible, mais l\u2019enjeu devient la protection contre vent et pluie.<\/p>\n<ul>\n<li>Priorit\u00e9s :\n<ul>\n<li>Stores lat\u00e9raux pour le confort au vent<\/li>\n<\/ul>\n<\/li>\n<li>\u00c9clairage int\u00e9gr\u00e9 (vous manquerez souvent de lumi\u00e8re naturelle)<\/li>\n<\/ul>\n<p>&nbsp;<\/p>\n<h3>2) Vent : \u201cpergola soleil vent\u201d doit se penser ensemble<\/h3>\n<p>Le vent peut \u00eatre un alli\u00e9 (ventilation) ou un probl\u00e8me (courants d\u2019air, inconfort, stores qui claquent). Avant de choisir :<\/p>\n<ul>\n<li>Rep\u00e9rez le vent dominant (couloir entre maisons, bord de champ, effet vall\u00e9e).<\/li>\n<li>\u00c9vitez une pergola totalement ferm\u00e9e sur plusieurs c\u00f4t\u00e9s sans gestion d\u2019air : c\u2019est une recette parfaite pour l\u2019effet serre.<\/li>\n<li>Privil\u00e9giez des stores \u201czip\u201d ou guid\u00e9s si le site est venteux.<\/li>\n<\/ul>\n<p>&nbsp;<\/p>\n<h3>3) Lames orientables : le r\u00e9glage anti-effet serre<\/h3>\n<p>La pergola bioclimatique \u00e9vite l\u2019effet serre gr\u00e2ce \u00e0 un principe simple : laisser l\u2019air chaud s\u2019\u00e9chapper.<\/p>\n<p>Bonnes pratiques en mai :<\/p>\n<ul>\n<li>Position \u201cconfort\u201d : lames entrouvertes pour cr\u00e9er une ventilation douce.<\/li>\n<li>Position \u201csoleil fort\u201d : lames plus ferm\u00e9es pour ombrager, mais pas n\u00e9cessairement 100 % ferm\u00e9es si vous cherchez \u00e0 garder un flux d\u2019air.<\/li>\n<li>Apr\u00e8s une averse : lames ferm\u00e9es pour l\u2019\u00e9tanch\u00e9it\u00e9, puis r\u00e9ouverture progressive d\u00e8s que possible pour s\u00e9cher et ventiler.<\/li>\n<\/ul>\n<p>&nbsp;<\/p>\n<h3>4) Options \u00e0 privil\u00e9gier pour un confort r\u00e9el<\/h3>\n<h5>Stores lat\u00e9raux<\/h5>\n<p>Les options pergola LED stores les plus utiles commencent souvent par les stores, surtout \u00e0 l\u2019ouest.<\/p>\n<ul>\n<li>Utiles pour :\n<ul>\n<li>Soleil rasant<\/li>\n<li>Vent lat\u00e9ral<\/li>\n<li>Vis-\u00e0-vis<\/li>\n<\/ul>\n<\/li>\n<li>Conseil :Pr\u00e9f\u00e9rez des stores guid\u00e9s si votre terrasse est expos\u00e9e au vent.<\/li>\n<\/ul>\n<p>&nbsp;<\/p>\n<h5>\u00c9clairage LED<\/h5>\n<p>Indispensable si vous utilisez la terrasse le soir.<\/p>\n<ul>\n<li>\u00c0 viser :\n<ul>\n<li>LED dimmables (variation d\u2019intensit\u00e9)<\/li>\n<li>\u00c9clairage int\u00e9gr\u00e9 discret (ambiance, pas seulement \u201cplein phare\u201d)<\/li>\n<\/ul>\n<\/li>\n<\/ul>\n<p>&nbsp;<\/p>\n<h5>Capteurs m\u00e9t\u00e9o (pluie, vent, soleil)<\/h5>\n<p>Tr\u00e8s pratiques pour \u00e9viter les mauvaises surprises.<\/p>\n<ul>\n<li>Capteur pluie :\n<ul>\n<li>Ferme automatiquement les lames en cas d\u2019averse<\/li>\n<\/ul>\n<\/li>\n<li>Capteur vent :\n<ul>\n<li>Prot\u00e8ge les stores et la structure (selon configuration)<\/li>\n<\/ul>\n<\/li>\n<li>Capteur soleil :\n<ul>\n<li>Ajuste l\u2019orientation des lames pour maintenir une temp\u00e9rature plus stable<\/li>\n<\/ul>\n<\/li>\n<\/ul>\n<h5><\/h5>\n<h5>Chauffage (optionnel au printemps)<\/h5>\n<p>Utile si vous profitez de la terrasse d\u00e8s avril-mai en soir\u00e9e. \u00c0 consid\u00e9rer si vous d\u00eenez souvent dehors.<\/p>\n<p>&nbsp;<\/p>\n<h3>5) Les erreurs fr\u00e9quentes qui cr\u00e9ent un \u201ceffet serre\u201d<\/h3>\n<ul>\n<li>Fermer les lames et les stores sur plusieurs c\u00f4t\u00e9s en plein soleil, sans ventilation.<\/li>\n<li>Sous-estimer l\u2019orientation ouest (le soleil du soir est le plus g\u00eanant).<\/li>\n<li>Choisir des stores non adapt\u00e9s au vent (bruit, usure, inconfort).<\/li>\n<li>Installer sans r\u00e9fl\u00e9chir \u00e0 la circulation d\u2019air naturelle de la terrasse.<\/li>\n<\/ul>\n<p>&nbsp;<\/p>\n<h3>Conclusion : la bonne pergola en mai, c\u2019est l\u2019\u00e9quilibre<\/h3>\n<p>Pour profiter de mai sans surchauffe, retenez :<\/p>\n<ul>\n<li>Orientation : sud = g\u00e9rer midi, ouest = g\u00e9rer le soleil rasant.<\/li>\n<li>Vent : stores adapt\u00e9s et ventilation intelligente.<\/li>\n<li>Lames : l\u2019anti-effet serre, c\u2019est l\u2019entre-ouverture et le pilotage fin.<\/li>\n<li>Options : stores lat\u00e9raux + LED + capteurs m\u00e9t\u00e9o font la vraie diff\u00e9rence au quotidien.<\/li>\n<\/ul>\n<p>&nbsp;<\/p>\n<p>Pogar SA peut vous accompagner avec une \u00e9tude sur site (orientation, vent, usage) et vous proposer la configuration la plus coh\u00e9rente pour votre terrasse, sans mauvaises surprises d\u00e8s les premiers beaux jours.[\/vc_column_text][vc_separator type=\u00a0\u00bbsmall\u00a0\u00bb position=\u00a0\u00bbleft\u00a0\u00bb up=\u00a0\u00bb30&Prime; down=\u00a0\u00bb60&Prime;][vc_column_text]<\/p>\n<h3>Besoin d\u2019un devis ?<\/h3>\n<p><strong><a href=\"https:\/\/www.pogar.ch\/webnew\/contact\/\" target=\"_blank\" rel=\"noopener\">Contactez l\u2019\u00e9quipe Pogar SA d\u00e8s maintenant<\/a><\/strong>[\/vc_column_text][vc_separator type=\u00a0\u00bbsmall\u00a0\u00bb position=\u00a0\u00bbleft\u00a0\u00bb up=\u00a0\u00bb30&Prime; down=\u00a0\u00bb60&Prime;][\/vc_column][\/vc_row][vc_row css_animation=\u00a0\u00bb\u00a0\u00bb row_type=\u00a0\u00bbrow\u00a0\u00bb use_row_as_full_screen_section=\u00a0\u00bbno\u00a0\u00bb type=\u00a0\u00bbfull_width\u00a0\u00bb angled_section=\u00a0\u00bbno\u00a0\u00bb text_align=\u00a0\u00bbleft\u00a0\u00bb background_image_as_pattern=\u00a0\u00bbwithout_pattern\u00a0\u00bb][vc_column][\/vc_column][\/vc_row]<\/p>\n<\/section>","protected":false},"excerpt":{"rendered":"<p>Orientation, vent, lames orientables, stores et capteurs : nos conseils pour choisir une pergola bioclimatique confortable en mai, sans effet de serre.<\/p>\n","protected":false},"author":2,"featured_media":18536,"comment_status":"closed","ping_status":"closed","sticky":false,"template":"","format":"standard","meta":[],"categories":[158,142],"tags":[333,331,334,332],"yoast_head":"<!-- This site is optimized with the Yoast SEO Premium plugin v20.9 (Yoast SEO v20.9) - https:\/\/yoast.com\/wordpress\/plugins\/seo\/ -->\n<title>Portail coulissant : comment \u00e9viter que le rail se bloque<\/title>\n<meta name=\"description\" content=\"Orientation, vent, lames orientables, stores et capteurs : nos conseils pour choisir une pergola bioclimatique confortable en mai, sans effet de serre.\" \/>\n<meta name=\"robots\" content=\"index, follow, max-snippet:-1, max-image-preview:large, max-video-preview:-1\" \/>\n<link rel=\"canonical\" href=\"https:\/\/www.pogar.ch\/webnew\/orientation-options-pergola-bioclimatique-mai-sans-effet-serre\/\" \/>\n<meta property=\"og:locale\" content=\"fr_FR\" \/>\n<meta property=\"og:type\" content=\"article\" \/>\n<meta property=\"og:title\" content=\"Pergola bioclimatique : quelle orientation et quelles options choisir pour profiter de mai sans effet de serre\" \/>\n<meta property=\"og:description\" content=\"Orientation, vent, lames orientables, stores et capteurs : nos conseils pour choisir une pergola bioclimatique confortable en mai, sans effet de serre.\" \/>\n<meta property=\"og:url\" content=\"https:\/\/www.pogar.ch\/webnew\/orientation-options-pergola-bioclimatique-mai-sans-effet-serre\/\" \/>\n<meta property=\"og:site_name\" content=\"Pogar S.A.\" \/>\n<meta property=\"article:publisher\" content=\"https:\/\/www.facebook.com\/POGAR-Team-139006666269936\/\" \/>\n<meta property=\"article:published_time\" content=\"2026-05-01T07:29:12+00:00\" \/>\n<meta property=\"article:modified_time\" content=\"2026-05-01T08:28:09+00:00\" \/>\n<meta property=\"og:image\" content=\"https:\/\/www.pogar.ch\/webnew\/wp-content\/uploads\/2026\/05\/Pergola-bioclimatique.webp\" \/>\n\t<meta property=\"og:image:width\" content=\"1672\" \/>\n\t<meta property=\"og:image:height\" content=\"941\" \/>\n\t<meta property=\"og:image:type\" content=\"image\/webp\" \/>\n<meta name=\"author\" content=\"Patrick Malagoli\" \/>\n<meta name=\"twitter:card\" content=\"summary_large_image\" \/>\n<meta name=\"twitter:label1\" content=\"\u00c9crit par\" \/>\n\t<meta name=\"twitter:data1\" content=\"Patrick Malagoli\" \/>\n\t<meta name=\"twitter:label2\" content=\"Dur\u00e9e de lecture estim\u00e9e\" \/>\n\t<meta name=\"twitter:data2\" content=\"4 minutes\" \/>\n<script type=\"application\/ld+json\" class=\"yoast-schema-graph\">{\"@context\":\"https:\/\/schema.org\",\"@graph\":[{\"@type\":\"Article\",\"@id\":\"https:\/\/www.pogar.ch\/webnew\/orientation-options-pergola-bioclimatique-mai-sans-effet-serre\/#article\",\"isPartOf\":{\"@id\":\"https:\/\/www.pogar.ch\/webnew\/orientation-options-pergola-bioclimatique-mai-sans-effet-serre\/\"},\"author\":{\"name\":\"Patrick Malagoli\",\"@id\":\"https:\/\/www.pogar.ch\/webnew\/#\/schema\/person\/6cb4f0ec03ff6e07fc37012a0b38290f\"},\"headline\":\"Pergola bioclimatique : quelle orientation et quelles options choisir pour profiter de mai sans effet de serre\",\"datePublished\":\"2026-05-01T07:29:12+00:00\",\"dateModified\":\"2026-05-01T08:28:09+00:00\",\"mainEntityOfPage\":{\"@id\":\"https:\/\/www.pogar.ch\/webnew\/orientation-options-pergola-bioclimatique-mai-sans-effet-serre\/\"},\"wordCount\":953,\"publisher\":{\"@id\":\"https:\/\/www.pogar.ch\/webnew\/#organization\"},\"keywords\":[\"options pergola LED stores\",\"orientation pergola bioclimatique\",\"pergola bioclimatique conseils\",\"pergola soleil vent\"],\"articleSection\":[\"Conseils et astuces\",\"Pergolas bioclimatiques\"],\"inLanguage\":\"fr-FR\"},{\"@type\":\"WebPage\",\"@id\":\"https:\/\/www.pogar.ch\/webnew\/orientation-options-pergola-bioclimatique-mai-sans-effet-serre\/\",\"url\":\"https:\/\/www.pogar.ch\/webnew\/orientation-options-pergola-bioclimatique-mai-sans-effet-serre\/\",\"name\":\"Portail coulissant : comment \u00e9viter que le rail se bloque\",\"isPartOf\":{\"@id\":\"https:\/\/www.pogar.ch\/webnew\/#website\"},\"datePublished\":\"2026-05-01T07:29:12+00:00\",\"dateModified\":\"2026-05-01T08:28:09+00:00\",\"description\":\"Orientation, vent, lames orientables, stores et capteurs : nos conseils pour choisir une pergola bioclimatique confortable en mai, sans effet de serre.\",\"breadcrumb\":{\"@id\":\"https:\/\/www.pogar.ch\/webnew\/orientation-options-pergola-bioclimatique-mai-sans-effet-serre\/#breadcrumb\"},\"inLanguage\":\"fr-FR\",\"potentialAction\":[{\"@type\":\"ReadAction\",\"target\":[\"https:\/\/www.pogar.ch\/webnew\/orientation-options-pergola-bioclimatique-mai-sans-effet-serre\/\"]}]},{\"@type\":\"BreadcrumbList\",\"@id\":\"https:\/\/www.pogar.ch\/webnew\/orientation-options-pergola-bioclimatique-mai-sans-effet-serre\/#breadcrumb\",\"itemListElement\":[{\"@type\":\"ListItem\",\"position\":1,\"name\":\"Accueil\",\"item\":\"https:\/\/www.pogar.ch\/webnew\/\"},{\"@type\":\"ListItem\",\"position\":2,\"name\":\"Pergola bioclimatique : quelle orientation et quelles options choisir pour profiter de mai sans effet de serre\"}]},{\"@type\":\"WebSite\",\"@id\":\"https:\/\/www.pogar.ch\/webnew\/#website\",\"url\":\"https:\/\/www.pogar.ch\/webnew\/\",\"name\":\"Pogar S.A.\",\"description\":\"Portes de garage - Portes d&#039;entr\u00e9e - Portails\",\"publisher\":{\"@id\":\"https:\/\/www.pogar.ch\/webnew\/#organization\"},\"potentialAction\":[{\"@type\":\"SearchAction\",\"target\":{\"@type\":\"EntryPoint\",\"urlTemplate\":\"https:\/\/www.pogar.ch\/webnew\/?s={search_term_string}\"},\"query-input\":\"required name=search_term_string\"}],\"inLanguage\":\"fr-FR\"},{\"@type\":\"Organization\",\"@id\":\"https:\/\/www.pogar.ch\/webnew\/#organization\",\"name\":\"Pogar S.A.\",\"url\":\"https:\/\/www.pogar.ch\/webnew\/\",\"logo\":{\"@type\":\"ImageObject\",\"inLanguage\":\"fr-FR\",\"@id\":\"https:\/\/www.pogar.ch\/webnew\/#\/schema\/logo\/image\/\",\"url\":\"https:\/\/www.pogar.ch\/webnew\/wp-content\/uploads\/2019\/09\/logo-positif-pogar.png\",\"contentUrl\":\"https:\/\/www.pogar.ch\/webnew\/wp-content\/uploads\/2019\/09\/logo-positif-pogar.png\",\"width\":254,\"height\":210,\"caption\":\"Pogar S.A.\"},\"image\":{\"@id\":\"https:\/\/www.pogar.ch\/webnew\/#\/schema\/logo\/image\/\"},\"sameAs\":[\"https:\/\/www.facebook.com\/POGAR-Team-139006666269936\/\",\"https:\/\/www.instagram.com\/pogar_sa\/\",\"https:\/\/www.linkedin.com\/company\/81284588\/\"]},{\"@type\":\"Person\",\"@id\":\"https:\/\/www.pogar.ch\/webnew\/#\/schema\/person\/6cb4f0ec03ff6e07fc37012a0b38290f\",\"name\":\"Patrick Malagoli\",\"image\":{\"@type\":\"ImageObject\",\"inLanguage\":\"fr-FR\",\"@id\":\"https:\/\/www.pogar.ch\/webnew\/#\/schema\/person\/image\/\",\"url\":\"https:\/\/secure.gravatar.com\/avatar\/923ce6be517733f9947b9ba8070cceb6?s=96&d=mm&r=g\",\"contentUrl\":\"https:\/\/secure.gravatar.com\/avatar\/923ce6be517733f9947b9ba8070cceb6?s=96&d=mm&r=g\",\"caption\":\"Patrick Malagoli\"},\"url\":\"https:\/\/www.pogar.ch\/webnew\/author\/patrick\/\"}]}<\/script>\n<!-- \/ Yoast SEO Premium plugin. -->","yoast_head_json":{"title":"Portail coulissant : comment \u00e9viter que le rail se bloque","description":"Orientation, vent, lames orientables, stores et capteurs : nos conseils pour choisir une pergola bioclimatique confortable en mai, sans effet de serre.","robots":{"index":"index","follow":"follow","max-snippet":"max-snippet:-1","max-image-preview":"max-image-preview:large","max-video-preview":"max-video-preview:-1"},"canonical":"https:\/\/www.pogar.ch\/webnew\/orientation-options-pergola-bioclimatique-mai-sans-effet-serre\/","og_locale":"fr_FR","og_type":"article","og_title":"Pergola bioclimatique : quelle orientation et quelles options choisir pour profiter de mai sans effet de serre","og_description":"Orientation, vent, lames orientables, stores et capteurs : nos conseils pour choisir une pergola bioclimatique confortable en mai, sans effet de serre.","og_url":"https:\/\/www.pogar.ch\/webnew\/orientation-options-pergola-bioclimatique-mai-sans-effet-serre\/","og_site_name":"Pogar S.A.","article_publisher":"https:\/\/www.facebook.com\/POGAR-Team-139006666269936\/","article_published_time":"2026-05-01T07:29:12+00:00","article_modified_time":"2026-05-01T08:28:09+00:00","og_image":[{"width":1672,"height":941,"url":"https:\/\/www.pogar.ch\/webnew\/wp-content\/uploads\/2026\/05\/Pergola-bioclimatique.webp","type":"image\/webp"}],"author":"Patrick Malagoli","twitter_card":"summary_large_image","twitter_misc":{"\u00c9crit par":"Patrick Malagoli","Dur\u00e9e de lecture estim\u00e9e":"4 minutes"},"schema":{"@context":"https:\/\/schema.org","@graph":[{"@type":"Article","@id":"https:\/\/www.pogar.ch\/webnew\/orientation-options-pergola-bioclimatique-mai-sans-effet-serre\/#article","isPartOf":{"@id":"https:\/\/www.pogar.ch\/webnew\/orientation-options-pergola-bioclimatique-mai-sans-effet-serre\/"},"author":{"name":"Patrick Malagoli","@id":"https:\/\/www.pogar.ch\/webnew\/#\/schema\/person\/6cb4f0ec03ff6e07fc37012a0b38290f"},"headline":"Pergola bioclimatique : quelle orientation et quelles options choisir pour profiter de mai sans effet de serre","datePublished":"2026-05-01T07:29:12+00:00","dateModified":"2026-05-01T08:28:09+00:00","mainEntityOfPage":{"@id":"https:\/\/www.pogar.ch\/webnew\/orientation-options-pergola-bioclimatique-mai-sans-effet-serre\/"},"wordCount":953,"publisher":{"@id":"https:\/\/www.pogar.ch\/webnew\/#organization"},"keywords":["options pergola LED stores","orientation pergola bioclimatique","pergola bioclimatique conseils","pergola soleil vent"],"articleSection":["Conseils et astuces","Pergolas bioclimatiques"],"inLanguage":"fr-FR"},{"@type":"WebPage","@id":"https:\/\/www.pogar.ch\/webnew\/orientation-options-pergola-bioclimatique-mai-sans-effet-serre\/","url":"https:\/\/www.pogar.ch\/webnew\/orientation-options-pergola-bioclimatique-mai-sans-effet-serre\/","name":"Portail coulissant : comment \u00e9viter que le rail se bloque","isPartOf":{"@id":"https:\/\/www.pogar.ch\/webnew\/#website"},"datePublished":"2026-05-01T07:29:12+00:00","dateModified":"2026-05-01T08:28:09+00:00","description":"Orientation, vent, lames orientables, stores et capteurs : nos conseils pour choisir une pergola bioclimatique confortable en mai, sans effet de serre.","breadcrumb":{"@id":"https:\/\/www.pogar.ch\/webnew\/orientation-options-pergola-bioclimatique-mai-sans-effet-serre\/#breadcrumb"},"inLanguage":"fr-FR","potentialAction":[{"@type":"ReadAction","target":["https:\/\/www.pogar.ch\/webnew\/orientation-options-pergola-bioclimatique-mai-sans-effet-serre\/"]}]},{"@type":"BreadcrumbList","@id":"https:\/\/www.pogar.ch\/webnew\/orientation-options-pergola-bioclimatique-mai-sans-effet-serre\/#breadcrumb","itemListElement":[{"@type":"ListItem","position":1,"name":"Accueil","item":"https:\/\/www.pogar.ch\/webnew\/"},{"@type":"ListItem","position":2,"name":"Pergola bioclimatique : quelle orientation et quelles options choisir pour profiter de mai sans effet de serre"}]},{"@type":"WebSite","@id":"https:\/\/www.pogar.ch\/webnew\/#website","url":"https:\/\/www.pogar.ch\/webnew\/","name":"Pogar S.A.","description":"Portes de garage - Portes d&#039;entr\u00e9e - Portails","publisher":{"@id":"https:\/\/www.pogar.ch\/webnew\/#organization"},"potentialAction":[{"@type":"SearchAction","target":{"@type":"EntryPoint","urlTemplate":"https:\/\/www.pogar.ch\/webnew\/?s={search_term_string}"},"query-input":"required name=search_term_string"}],"inLanguage":"fr-FR"},{"@type":"Organization","@id":"https:\/\/www.pogar.ch\/webnew\/#organization","name":"Pogar S.A.","url":"https:\/\/www.pogar.ch\/webnew\/","logo":{"@type":"ImageObject","inLanguage":"fr-FR","@id":"https:\/\/www.pogar.ch\/webnew\/#\/schema\/logo\/image\/","url":"https:\/\/www.pogar.ch\/webnew\/wp-content\/uploads\/2019\/09\/logo-positif-pogar.png","contentUrl":"https:\/\/www.pogar.ch\/webnew\/wp-content\/uploads\/2019\/09\/logo-positif-pogar.png","width":254,"height":210,"caption":"Pogar S.A."},"image":{"@id":"https:\/\/www.pogar.ch\/webnew\/#\/schema\/logo\/image\/"},"sameAs":["https:\/\/www.facebook.com\/POGAR-Team-139006666269936\/","https:\/\/www.instagram.com\/pogar_sa\/","https:\/\/www.linkedin.com\/company\/81284588\/"]},{"@type":"Person","@id":"https:\/\/www.pogar.ch\/webnew\/#\/schema\/person\/6cb4f0ec03ff6e07fc37012a0b38290f","name":"Patrick Malagoli","image":{"@type":"ImageObject","inLanguage":"fr-FR","@id":"https:\/\/www.pogar.ch\/webnew\/#\/schema\/person\/image\/","url":"https:\/\/secure.gravatar.com\/avatar\/923ce6be517733f9947b9ba8070cceb6?s=96&d=mm&r=g","contentUrl":"https:\/\/secure.gravatar.com\/avatar\/923ce6be517733f9947b9ba8070cceb6?s=96&d=mm&r=g","caption":"Patrick Malagoli"},"url":"https:\/\/www.pogar.ch\/webnew\/author\/patrick\/"}]}},"_links":{"self":[{"href":"https:\/\/www.pogar.ch\/webnew\/wp-json\/wp\/v2\/posts\/18533"}],"collection":[{"href":"https:\/\/www.pogar.ch\/webnew\/wp-json\/wp\/v2\/posts"}],"about":[{"href":"https:\/\/www.pogar.ch\/webnew\/wp-json\/wp\/v2\/types\/post"}],"author":[{"embeddable":true,"href":"https:\/\/www.pogar.ch\/webnew\/wp-json\/wp\/v2\/users\/2"}],"replies":[{"embeddable":true,"href":"https:\/\/www.pogar.ch\/webnew\/wp-json\/wp\/v2\/comments?post=18533"}],"version-history":[{"count":4,"href":"https:\/\/www.pogar.ch\/webnew\/wp-json\/wp\/v2\/posts\/18533\/revisions"}],"predecessor-version":[{"id":18538,"href":"https:\/\/www.pogar.ch\/webnew\/wp-json\/wp\/v2\/posts\/18533\/revisions\/18538"}],"wp:featuredmedia":[{"embeddable":true,"href":"https:\/\/www.pogar.ch\/webnew\/wp-json\/wp\/v2\/media\/18536"}],"wp:attachment":[{"href":"https:\/\/www.pogar.ch\/webnew\/wp-json\/wp\/v2\/media?parent=18533"}],"wp:term":[{"taxonomy":"category","embeddable":true,"href":"https:\/\/www.pogar.ch\/webnew\/wp-json\/wp\/v2\/categories?post=18533"},{"taxonomy":"post_tag","embeddable":true,"href":"https:\/\/www.pogar.ch\/webnew\/wp-json\/wp\/v2\/tags?post=18533"}],"curies":[{"name":"wp","href":"https:\/\/api.w.org\/{rel}","templated":true}]}}