{"id":18494,"date":"2026-03-03T10:17:04","date_gmt":"2026-03-03T09:17:04","guid":{"rendered":"https:\/\/www.pogar.ch\/webnew\/?p=18494"},"modified":"2026-05-01T10:28:13","modified_gmt":"2026-05-01T08:28:13","slug":"printemps-choisir-protection-solaire-terrasse-facade","status":"publish","type":"post","link":"https:\/\/www.pogar.ch\/webnew\/printemps-choisir-protection-solaire-terrasse-facade\/","title":{"rendered":"Printemps : quelle protection solaire choisir pour terrasse et fa\u00e7ade (banne, toile, pergola bioclimatique) ?"},"content":{"rendered":"<section class=\"wpb-content-wrapper\"><p>[vc_row css_animation=\u00a0\u00bb\u00a0\u00bb row_type=\u00a0\u00bbrow\u00a0\u00bb use_row_as_full_screen_section=\u00a0\u00bbno\u00a0\u00bb type=\u00a0\u00bbfull_width\u00a0\u00bb angled_section=\u00a0\u00bbno\u00a0\u00bb text_align=\u00a0\u00bbleft\u00a0\u00bb background_image_as_pattern=\u00a0\u00bbwithout_pattern\u00a0\u00bb][vc_column][vc_separator type=\u00a0\u00bbtransparent\u00a0\u00bb up=\u00a0\u00bb50&Prime; down=\u00a0\u00bb0&Prime;][vc_column_text]Au printemps, on ressort le mobilier de jardin\u2026 et on red\u00e9couvre vite un probl\u00e8me : soleil bas en fin de journ\u00e9e, chaleur qui s\u2019accumule sur la fa\u00e7ade, \u00e9blouissement \u00e0 l\u2019int\u00e9rieur. Pour <strong>choisir une protection solaire<\/strong> efficace, il faut raisonner usage + m\u00e9t\u00e9o locale : orientation, vent, surface \u00e0 couvrir, et niveau de confort attendu.<\/p>\n<p>Entre banne, toile et pergola bioclimatique, voici un comparatif clair pour d\u00e9cider sans mauvaise surprise.[\/vc_column_text][vc_separator type=\u00a0\u00bbsmall\u00a0\u00bb position=\u00a0\u00bbleft\u00a0\u00bb up=\u00a0\u00bb30&Prime; down=\u00a0\u00bb60&Prime;][vc_column_text]<\/p>\n<h3>1) La banne (store terrasse) : rapide, efficace, mais sensible au vent<\/h3>\n<p>La banne est souvent le premier r\u00e9flexe pour ombrager une terrasse attenante \u00e0 la maison. Elle se fixe en fa\u00e7ade et se d\u00e9ploie au-dessus de la zone \u00e0 prot\u00e9ger.<\/p>\n<h5>Avantages<\/h5>\n<ul>\n<li>Bon rapport efficacit\u00e9\/prix pour ombrager une zone repas<\/li>\n<li>Installation g\u00e9n\u00e9ralement rapide<\/li>\n<li>Peu d\u2019emprise au sol (pas de poteaux)<\/li>\n<li>Bonne solution si vous cherchez un <strong>store terrasse Suisse<\/strong> discret<\/li>\n<\/ul>\n<h5>Limites<\/h5>\n<ul>\n<li>Sensible au vent (m\u00eame mod\u00e9r\u00e9 selon exposition)<\/li>\n<li>Protection pluie limit\u00e9e (selon toile et pente)<\/li>\n<li>Moins efficace si votre terrasse est tr\u00e8s expos\u00e9e lat\u00e9ralement (soleil rasant)<\/li>\n<\/ul>\n<h5>Id\u00e9al si<\/h5>\n<ul>\n<li>Terrasse en fa\u00e7ade sud\/sud-est, peu expos\u00e9e au vent<\/li>\n<li>Besoin d\u2019ombre principalement aux heures chaudes<\/li>\n<li>Budget ma\u00eetris\u00e9 et installation simple<\/li>\n<\/ul>\n<h5>Options utiles<\/h5>\n<ul>\n<li>Capteur vent\/soleil pour repli automatique<\/li>\n<li>\u00c9clairage int\u00e9gr\u00e9 ou bande LED sous coffre<\/li>\n<li>Motorisation + commande murale ou t\u00e9l\u00e9commande<\/li>\n<\/ul>\n<p>[\/vc_column_text][vc_separator type=\u00a0\u00bbsmall\u00a0\u00bb position=\u00a0\u00bbleft\u00a0\u00bb up=\u00a0\u00bb30&Prime; down=\u00a0\u00bb60&Prime;][vc_column_text]<\/p>\n<h3>2) La toile (voile d\u2019ombrage ou toile r\u00e9tractable) : flexible et esth\u00e9tique<\/h3>\n<p>La toile est une option l\u00e9g\u00e8re, souvent choisie pour sa modularit\u00e9 et son look. Elle peut \u00eatre fixe (voile tendue) ou r\u00e9tractable (selon syst\u00e8me).<\/p>\n<h5>Avantages<\/h5>\n<ul>\n<li>Esth\u00e9tique tr\u00e8s \u201coutdoor\u201d, effet design<\/li>\n<li>Adaptable \u00e0 des formes complexes (angles, jardins, pergola existante)<\/li>\n<li>Bonne gestion de l\u2019ombre si elle est bien positionn\u00e9e<\/li>\n<\/ul>\n<h5>Limites<\/h5>\n<ul>\n<li>R\u00e9sistance au vent variable : une voile mal tendue fatigue vite<\/li>\n<li>Protection pluie g\u00e9n\u00e9ralement faible (sauf tissus sp\u00e9cifiques)<\/li>\n<li>Demande un bon ancrage (murs\/poteaux) et une tension r\u00e9guli\u00e8re<\/li>\n<\/ul>\n<h5>Id\u00e9al si<\/h5>\n<ul>\n<li>Vous voulez une solution modulable et l\u00e9g\u00e8re<\/li>\n<li>Terrasse irr\u00e9guli\u00e8re ou grande surface \u00e0 couvrir par zones<\/li>\n<li>Vous acceptez un peu plus de gestion (tension, d\u00e9montage saisonnier)<\/li>\n<\/ul>\n<h5>Options utiles<\/h5>\n<ul>\n<li>Tissus microperfor\u00e9s pour ventilation<\/li>\n<li>Traitement anti-UV renforc\u00e9<\/li>\n<li>Fixations inox et syst\u00e8mes de tension de qualit\u00e9<\/li>\n<\/ul>\n<p>[\/vc_column_text][vc_separator type=\u00a0\u00bbsmall\u00a0\u00bb position=\u00a0\u00bbleft\u00a0\u00bb up=\u00a0\u00bb30&Prime; down=\u00a0\u00bb60&Prime;][vc_column_text]<\/p>\n<h3>3) La pergola bioclimatique : confort haut niveau et usage prolong\u00e9<\/h3>\n<p>Si vous cherchez une solution durable, confortable et utilisable longtemps dans l\u2019ann\u00e9e, la pergola bioclimatique est souvent la plus coh\u00e9rente. Ses lames orientables permettent de g\u00e9rer soleil, ventilation et pluie.<\/p>\n<h5>Pergola bioclimatique avantages<\/h5>\n<ul>\n<li>Contr\u00f4le pr\u00e9cis : ombre, lumi\u00e8re, circulation d\u2019air<\/li>\n<li>Protection pluie (lames ferm\u00e9es + \u00e9vacuation d\u2019eau int\u00e9gr\u00e9e selon mod\u00e8les)<\/li>\n<li>Tr\u00e8s bonne tenue au vent avec une installation adapt\u00e9e<\/li>\n<li>Valorisation de la fa\u00e7ade et cr\u00e9ation d\u2019une \u201cpi\u00e8ce ext\u00e9rieure\u201d<\/li>\n<\/ul>\n<h5>Limites<\/h5>\n<ul>\n<li>Budget plus \u00e9lev\u00e9 qu\u2019une banne ou une toile<\/li>\n<li>\u00c9tude technique n\u00e9cessaire (ancrage, \u00e9vacuation, options)<\/li>\n<\/ul>\n<h5>Id\u00e9al si<\/h5>\n<ul>\n<li>Terrasse tr\u00e8s utilis\u00e9e (repas, d\u00e9tente, t\u00e9l\u00e9travail outdoor)<\/li>\n<li>Fa\u00e7ade ouest (soleil rasant) ou zone vent\u00e9e<\/li>\n<li>Vous voulez un am\u00e9nagement qui reste confortable m\u00eame en mi-saison<\/li>\n<\/ul>\n<h5>Options utiles<\/h5>\n<ul>\n<li>Stores lat\u00e9raux (vent, vis-\u00e0-vis, soleil bas)<\/li>\n<li>Capteurs pluie\/vent pour automatisation des lames<\/li>\n<li>\u00c9clairage LED int\u00e9gr\u00e9, prises, chauffage d\u2019appoint<\/li>\n<li>Motorisation pilotable (t\u00e9l\u00e9commande, sc\u00e9narios)<\/li>\n<\/ul>\n<p>[\/vc_column_text][vc_separator type=\u00a0\u00bbsmall\u00a0\u00bb position=\u00a0\u00bbleft\u00a0\u00bb up=\u00a0\u00bb30&Prime; down=\u00a0\u00bb60&Prime;][vc_column_text]<\/p>\n<h3>Comment choisir selon votre orientation et votre terrain<\/h3>\n<p>Pour \u00e9viter l\u2019erreur classique \u201cj\u2019ai de l\u2019ombre \u00e0 midi mais pas \u00e0 18h\u201d, basez-vous sur ces r\u00e8gles simples :<\/p>\n<ul>\n<li><strong>Orientation sud :<\/strong> banne ou pergola bioclimatique selon vent et usage<\/li>\n<li><strong>Orientation ouest (soleil rasant) :<\/strong> pergola + stores lat\u00e9raux souvent la meilleure combinaison<\/li>\n<li><strong>Zone vent\u00e9e :<\/strong> pergola bioclimatique ou banne avec capteur vent (la toile seule est plus risqu\u00e9e)<\/li>\n<li><strong>Grande surface :<\/strong> pergola (structure) ou combinaison (banne + toile par zones)<\/li>\n<li><strong>Petite terrasse :<\/strong> banne ou toile, pergola compacte si usage intensif<\/li>\n<\/ul>\n<p>[\/vc_column_text][vc_separator type=\u00a0\u00bbsmall\u00a0\u00bb position=\u00a0\u00bbleft\u00a0\u00bb up=\u00a0\u00bb30&Prime; down=\u00a0\u00bb60&Prime;][vc_column_text]<\/p>\n<h3>Budget : ce qui fait varier le prix<\/h3>\n<p>Les \u00e9carts viennent surtout de :<\/p>\n<ul>\n<li>Surface \u00e0 couvrir<\/li>\n<li>Qualit\u00e9 des mat\u00e9riaux (structure, toile, finitions)<\/li>\n<li>Motorisation et automatisation (capteurs, commande)<\/li>\n<li>Options (\u00e9clairage, stores, chauffage, domotique)<\/li>\n<li>Complexit\u00e9 de pose (fa\u00e7ade, dalle, pente, acc\u00e8s)<\/li>\n<\/ul>\n<p>&nbsp;<\/p>\n<p>Une banne est souvent l\u2019entr\u00e9e de gamme la plus simple. La pergola bioclimatique est l\u2019investissement le plus \u201clong terme\u201d, avec un confort sup\u00e9rieur.<\/p>\n<p>[\/vc_column_text][vc_separator type=\u00a0\u00bbsmall\u00a0\u00bb position=\u00a0\u00bbleft\u00a0\u00bb up=\u00a0\u00bb30&Prime; down=\u00a0\u00bb60&Prime;][vc_column_text]<\/p>\n<h3>Conclusion : banne ou pergola, la bonne r\u00e9ponse d\u00e9pend de votre usage<\/h3>\n<ul>\n<li>Vous cherchez une ombre simple sur une terrasse peu expos\u00e9e : banne.<\/li>\n<li>Vous voulez une solution l\u00e9g\u00e8re et modulable : toile.<\/li>\n<li>Vous voulez un vrai espace de vie ext\u00e9rieur, stable au vent et adaptable \u00e0 la m\u00e9t\u00e9o : pergola bioclimatique.<\/li>\n<\/ul>\n<p>&nbsp;<\/p>\n<p>Pogar SA peut vous aider \u00e0 choisir la solution la plus adapt\u00e9e \u00e0 votre fa\u00e7ade, votre orientation et votre budget, avec une proposition claire et des options utiles (capteurs, \u00e9clairage, automatisation).[\/vc_column_text][vc_separator type=\u00a0\u00bbsmall\u00a0\u00bb position=\u00a0\u00bbleft\u00a0\u00bb up=\u00a0\u00bb30&Prime; down=\u00a0\u00bb60&Prime;][vc_column_text]<\/p>\n<h3>Besoin d\u2019un devis ?<\/h3>\n<p><strong><a href=\"https:\/\/www.pogar.ch\/webnew\/contact\/\" target=\"_blank\" rel=\"noopener\">Contactez l\u2019\u00e9quipe Pogar SA d\u00e8s maintenant<\/a><\/strong>[\/vc_column_text][vc_separator type=\u00a0\u00bbsmall\u00a0\u00bb position=\u00a0\u00bbleft\u00a0\u00bb up=\u00a0\u00bb30&Prime; down=\u00a0\u00bb60&Prime;][\/vc_column][\/vc_row][vc_row css_animation=\u00a0\u00bb\u00a0\u00bb row_type=\u00a0\u00bbrow\u00a0\u00bb use_row_as_full_screen_section=\u00a0\u00bbno\u00a0\u00bb type=\u00a0\u00bbfull_width\u00a0\u00bb angled_section=\u00a0\u00bbno\u00a0\u00bb text_align=\u00a0\u00bbleft\u00a0\u00bb background_image_as_pattern=\u00a0\u00bbwithout_pattern\u00a0\u00bb][vc_column][\/vc_column][\/vc_row]<\/p>\n<\/section>","protected":false},"excerpt":{"rendered":"<p>Banne, toile ou pergola bioclimatique ? Comparez les solutions pour choisir la meilleure protection solaire pour votre terrasse et fa\u00e7ade en Suisse.<\/p>\n","protected":false},"author":2,"featured_media":18500,"comment_status":"closed","ping_status":"closed","sticky":false,"template":"","format":"standard","meta":[],"categories":[158,135],"tags":[312,311,313],"yoast_head":"<!-- This site is optimized with the Yoast SEO Premium plugin v20.9 (Yoast SEO v20.9) - https:\/\/yoast.com\/wordpress\/plugins\/seo\/ -->\n<title>Printemps : quelle protection solaire choisir pour une terrasse<\/title>\n<meta name=\"description\" content=\"Banne, toile ou pergola bioclimatique ? Comparez les solutions pour choisir la meilleure protection solaire pour votre terrasse et fa\u00e7ade en Suisse.\" \/>\n<meta name=\"robots\" content=\"index, follow, max-snippet:-1, max-image-preview:large, max-video-preview:-1\" \/>\n<link rel=\"canonical\" href=\"https:\/\/www.pogar.ch\/webnew\/printemps-choisir-protection-solaire-terrasse-facade\/\" \/>\n<meta property=\"og:locale\" content=\"fr_FR\" \/>\n<meta property=\"og:type\" content=\"article\" \/>\n<meta property=\"og:title\" content=\"Printemps : quelle protection solaire choisir pour terrasse et fa\u00e7ade (banne, toile, pergola bioclimatique) ?\" \/>\n<meta property=\"og:description\" content=\"Banne, toile ou pergola bioclimatique ? Comparez les solutions pour choisir la meilleure protection solaire pour votre terrasse et fa\u00e7ade en Suisse.\" \/>\n<meta property=\"og:url\" content=\"https:\/\/www.pogar.ch\/webnew\/printemps-choisir-protection-solaire-terrasse-facade\/\" \/>\n<meta property=\"og:site_name\" content=\"Pogar S.A.\" \/>\n<meta property=\"article:publisher\" content=\"https:\/\/www.facebook.com\/POGAR-Team-139006666269936\/\" \/>\n<meta property=\"article:published_time\" content=\"2026-03-03T09:17:04+00:00\" \/>\n<meta property=\"article:modified_time\" content=\"2026-05-01T08:28:13+00:00\" \/>\n<meta property=\"og:image\" content=\"https:\/\/www.pogar.ch\/webnew\/wp-content\/uploads\/2026\/03\/Protection-solaire-Pogar.webp\" \/>\n\t<meta property=\"og:image:width\" content=\"1536\" \/>\n\t<meta property=\"og:image:height\" content=\"1024\" \/>\n\t<meta property=\"og:image:type\" content=\"image\/webp\" \/>\n<meta name=\"author\" content=\"Patrick Malagoli\" \/>\n<meta name=\"twitter:card\" content=\"summary_large_image\" \/>\n<meta name=\"twitter:label1\" content=\"\u00c9crit par\" \/>\n\t<meta name=\"twitter:data1\" content=\"Patrick Malagoli\" \/>\n\t<meta name=\"twitter:label2\" content=\"Dur\u00e9e de lecture estim\u00e9e\" \/>\n\t<meta name=\"twitter:data2\" content=\"4 minutes\" \/>\n<script type=\"application\/ld+json\" class=\"yoast-schema-graph\">{\"@context\":\"https:\/\/schema.org\",\"@graph\":[{\"@type\":\"Article\",\"@id\":\"https:\/\/www.pogar.ch\/webnew\/printemps-choisir-protection-solaire-terrasse-facade\/#article\",\"isPartOf\":{\"@id\":\"https:\/\/www.pogar.ch\/webnew\/printemps-choisir-protection-solaire-terrasse-facade\/\"},\"author\":{\"name\":\"Patrick Malagoli\",\"@id\":\"https:\/\/www.pogar.ch\/webnew\/#\/schema\/person\/6cb4f0ec03ff6e07fc37012a0b38290f\"},\"headline\":\"Printemps : quelle protection solaire choisir pour terrasse et fa\u00e7ade (banne, toile, pergola bioclimatique) ?\",\"datePublished\":\"2026-03-03T09:17:04+00:00\",\"dateModified\":\"2026-05-01T08:28:13+00:00\",\"mainEntityOfPage\":{\"@id\":\"https:\/\/www.pogar.ch\/webnew\/printemps-choisir-protection-solaire-terrasse-facade\/\"},\"wordCount\":1020,\"publisher\":{\"@id\":\"https:\/\/www.pogar.ch\/webnew\/#organization\"},\"keywords\":[\"banne ou pergola\",\"choisir protection solaire\",\"pergola bioclimatique avantages\"],\"articleSection\":[\"Conseils et astuces\",\"Portes de garage\"],\"inLanguage\":\"fr-FR\"},{\"@type\":\"WebPage\",\"@id\":\"https:\/\/www.pogar.ch\/webnew\/printemps-choisir-protection-solaire-terrasse-facade\/\",\"url\":\"https:\/\/www.pogar.ch\/webnew\/printemps-choisir-protection-solaire-terrasse-facade\/\",\"name\":\"Printemps : quelle protection solaire choisir pour une terrasse\",\"isPartOf\":{\"@id\":\"https:\/\/www.pogar.ch\/webnew\/#website\"},\"datePublished\":\"2026-03-03T09:17:04+00:00\",\"dateModified\":\"2026-05-01T08:28:13+00:00\",\"description\":\"Banne, toile ou pergola bioclimatique ? Comparez les solutions pour choisir la meilleure protection solaire pour votre terrasse et fa\u00e7ade en Suisse.\",\"breadcrumb\":{\"@id\":\"https:\/\/www.pogar.ch\/webnew\/printemps-choisir-protection-solaire-terrasse-facade\/#breadcrumb\"},\"inLanguage\":\"fr-FR\",\"potentialAction\":[{\"@type\":\"ReadAction\",\"target\":[\"https:\/\/www.pogar.ch\/webnew\/printemps-choisir-protection-solaire-terrasse-facade\/\"]}]},{\"@type\":\"BreadcrumbList\",\"@id\":\"https:\/\/www.pogar.ch\/webnew\/printemps-choisir-protection-solaire-terrasse-facade\/#breadcrumb\",\"itemListElement\":[{\"@type\":\"ListItem\",\"position\":1,\"name\":\"Accueil\",\"item\":\"https:\/\/www.pogar.ch\/webnew\/\"},{\"@type\":\"ListItem\",\"position\":2,\"name\":\"Printemps : quelle protection solaire choisir pour terrasse et fa\u00e7ade (banne, toile, pergola bioclimatique) ?\"}]},{\"@type\":\"WebSite\",\"@id\":\"https:\/\/www.pogar.ch\/webnew\/#website\",\"url\":\"https:\/\/www.pogar.ch\/webnew\/\",\"name\":\"Pogar S.A.\",\"description\":\"Portes de garage - Portes d&#039;entr\u00e9e - Portails\",\"publisher\":{\"@id\":\"https:\/\/www.pogar.ch\/webnew\/#organization\"},\"potentialAction\":[{\"@type\":\"SearchAction\",\"target\":{\"@type\":\"EntryPoint\",\"urlTemplate\":\"https:\/\/www.pogar.ch\/webnew\/?s={search_term_string}\"},\"query-input\":\"required name=search_term_string\"}],\"inLanguage\":\"fr-FR\"},{\"@type\":\"Organization\",\"@id\":\"https:\/\/www.pogar.ch\/webnew\/#organization\",\"name\":\"Pogar S.A.\",\"url\":\"https:\/\/www.pogar.ch\/webnew\/\",\"logo\":{\"@type\":\"ImageObject\",\"inLanguage\":\"fr-FR\",\"@id\":\"https:\/\/www.pogar.ch\/webnew\/#\/schema\/logo\/image\/\",\"url\":\"https:\/\/www.pogar.ch\/webnew\/wp-content\/uploads\/2019\/09\/logo-positif-pogar.png\",\"contentUrl\":\"https:\/\/www.pogar.ch\/webnew\/wp-content\/uploads\/2019\/09\/logo-positif-pogar.png\",\"width\":254,\"height\":210,\"caption\":\"Pogar S.A.\"},\"image\":{\"@id\":\"https:\/\/www.pogar.ch\/webnew\/#\/schema\/logo\/image\/\"},\"sameAs\":[\"https:\/\/www.facebook.com\/POGAR-Team-139006666269936\/\",\"https:\/\/www.instagram.com\/pogar_sa\/\",\"https:\/\/www.linkedin.com\/company\/81284588\/\"]},{\"@type\":\"Person\",\"@id\":\"https:\/\/www.pogar.ch\/webnew\/#\/schema\/person\/6cb4f0ec03ff6e07fc37012a0b38290f\",\"name\":\"Patrick Malagoli\",\"image\":{\"@type\":\"ImageObject\",\"inLanguage\":\"fr-FR\",\"@id\":\"https:\/\/www.pogar.ch\/webnew\/#\/schema\/person\/image\/\",\"url\":\"https:\/\/secure.gravatar.com\/avatar\/923ce6be517733f9947b9ba8070cceb6?s=96&d=mm&r=g\",\"contentUrl\":\"https:\/\/secure.gravatar.com\/avatar\/923ce6be517733f9947b9ba8070cceb6?s=96&d=mm&r=g\",\"caption\":\"Patrick Malagoli\"},\"url\":\"https:\/\/www.pogar.ch\/webnew\/author\/patrick\/\"}]}<\/script>\n<!-- \/ Yoast SEO Premium plugin. -->","yoast_head_json":{"title":"Printemps : quelle protection solaire choisir pour une terrasse","description":"Banne, toile ou pergola bioclimatique ? Comparez les solutions pour choisir la meilleure protection solaire pour votre terrasse et fa\u00e7ade en Suisse.","robots":{"index":"index","follow":"follow","max-snippet":"max-snippet:-1","max-image-preview":"max-image-preview:large","max-video-preview":"max-video-preview:-1"},"canonical":"https:\/\/www.pogar.ch\/webnew\/printemps-choisir-protection-solaire-terrasse-facade\/","og_locale":"fr_FR","og_type":"article","og_title":"Printemps : quelle protection solaire choisir pour terrasse et fa\u00e7ade (banne, toile, pergola bioclimatique) ?","og_description":"Banne, toile ou pergola bioclimatique ? Comparez les solutions pour choisir la meilleure protection solaire pour votre terrasse et fa\u00e7ade en Suisse.","og_url":"https:\/\/www.pogar.ch\/webnew\/printemps-choisir-protection-solaire-terrasse-facade\/","og_site_name":"Pogar S.A.","article_publisher":"https:\/\/www.facebook.com\/POGAR-Team-139006666269936\/","article_published_time":"2026-03-03T09:17:04+00:00","article_modified_time":"2026-05-01T08:28:13+00:00","og_image":[{"width":1536,"height":1024,"url":"https:\/\/www.pogar.ch\/webnew\/wp-content\/uploads\/2026\/03\/Protection-solaire-Pogar.webp","type":"image\/webp"}],"author":"Patrick Malagoli","twitter_card":"summary_large_image","twitter_misc":{"\u00c9crit par":"Patrick Malagoli","Dur\u00e9e de lecture estim\u00e9e":"4 minutes"},"schema":{"@context":"https:\/\/schema.org","@graph":[{"@type":"Article","@id":"https:\/\/www.pogar.ch\/webnew\/printemps-choisir-protection-solaire-terrasse-facade\/#article","isPartOf":{"@id":"https:\/\/www.pogar.ch\/webnew\/printemps-choisir-protection-solaire-terrasse-facade\/"},"author":{"name":"Patrick Malagoli","@id":"https:\/\/www.pogar.ch\/webnew\/#\/schema\/person\/6cb4f0ec03ff6e07fc37012a0b38290f"},"headline":"Printemps : quelle protection solaire choisir pour terrasse et fa\u00e7ade (banne, toile, pergola bioclimatique) ?","datePublished":"2026-03-03T09:17:04+00:00","dateModified":"2026-05-01T08:28:13+00:00","mainEntityOfPage":{"@id":"https:\/\/www.pogar.ch\/webnew\/printemps-choisir-protection-solaire-terrasse-facade\/"},"wordCount":1020,"publisher":{"@id":"https:\/\/www.pogar.ch\/webnew\/#organization"},"keywords":["banne ou pergola","choisir protection solaire","pergola bioclimatique avantages"],"articleSection":["Conseils et astuces","Portes de garage"],"inLanguage":"fr-FR"},{"@type":"WebPage","@id":"https:\/\/www.pogar.ch\/webnew\/printemps-choisir-protection-solaire-terrasse-facade\/","url":"https:\/\/www.pogar.ch\/webnew\/printemps-choisir-protection-solaire-terrasse-facade\/","name":"Printemps : quelle protection solaire choisir pour une terrasse","isPartOf":{"@id":"https:\/\/www.pogar.ch\/webnew\/#website"},"datePublished":"2026-03-03T09:17:04+00:00","dateModified":"2026-05-01T08:28:13+00:00","description":"Banne, toile ou pergola bioclimatique ? Comparez les solutions pour choisir la meilleure protection solaire pour votre terrasse et fa\u00e7ade en Suisse.","breadcrumb":{"@id":"https:\/\/www.pogar.ch\/webnew\/printemps-choisir-protection-solaire-terrasse-facade\/#breadcrumb"},"inLanguage":"fr-FR","potentialAction":[{"@type":"ReadAction","target":["https:\/\/www.pogar.ch\/webnew\/printemps-choisir-protection-solaire-terrasse-facade\/"]}]},{"@type":"BreadcrumbList","@id":"https:\/\/www.pogar.ch\/webnew\/printemps-choisir-protection-solaire-terrasse-facade\/#breadcrumb","itemListElement":[{"@type":"ListItem","position":1,"name":"Accueil","item":"https:\/\/www.pogar.ch\/webnew\/"},{"@type":"ListItem","position":2,"name":"Printemps : quelle protection solaire choisir pour terrasse et fa\u00e7ade (banne, toile, pergola bioclimatique) ?"}]},{"@type":"WebSite","@id":"https:\/\/www.pogar.ch\/webnew\/#website","url":"https:\/\/www.pogar.ch\/webnew\/","name":"Pogar S.A.","description":"Portes de garage - Portes d&#039;entr\u00e9e - Portails","publisher":{"@id":"https:\/\/www.pogar.ch\/webnew\/#organization"},"potentialAction":[{"@type":"SearchAction","target":{"@type":"EntryPoint","urlTemplate":"https:\/\/www.pogar.ch\/webnew\/?s={search_term_string}"},"query-input":"required name=search_term_string"}],"inLanguage":"fr-FR"},{"@type":"Organization","@id":"https:\/\/www.pogar.ch\/webnew\/#organization","name":"Pogar S.A.","url":"https:\/\/www.pogar.ch\/webnew\/","logo":{"@type":"ImageObject","inLanguage":"fr-FR","@id":"https:\/\/www.pogar.ch\/webnew\/#\/schema\/logo\/image\/","url":"https:\/\/www.pogar.ch\/webnew\/wp-content\/uploads\/2019\/09\/logo-positif-pogar.png","contentUrl":"https:\/\/www.pogar.ch\/webnew\/wp-content\/uploads\/2019\/09\/logo-positif-pogar.png","width":254,"height":210,"caption":"Pogar S.A."},"image":{"@id":"https:\/\/www.pogar.ch\/webnew\/#\/schema\/logo\/image\/"},"sameAs":["https:\/\/www.facebook.com\/POGAR-Team-139006666269936\/","https:\/\/www.instagram.com\/pogar_sa\/","https:\/\/www.linkedin.com\/company\/81284588\/"]},{"@type":"Person","@id":"https:\/\/www.pogar.ch\/webnew\/#\/schema\/person\/6cb4f0ec03ff6e07fc37012a0b38290f","name":"Patrick Malagoli","image":{"@type":"ImageObject","inLanguage":"fr-FR","@id":"https:\/\/www.pogar.ch\/webnew\/#\/schema\/person\/image\/","url":"https:\/\/secure.gravatar.com\/avatar\/923ce6be517733f9947b9ba8070cceb6?s=96&d=mm&r=g","contentUrl":"https:\/\/secure.gravatar.com\/avatar\/923ce6be517733f9947b9ba8070cceb6?s=96&d=mm&r=g","caption":"Patrick Malagoli"},"url":"https:\/\/www.pogar.ch\/webnew\/author\/patrick\/"}]}},"_links":{"self":[{"href":"https:\/\/www.pogar.ch\/webnew\/wp-json\/wp\/v2\/posts\/18494"}],"collection":[{"href":"https:\/\/www.pogar.ch\/webnew\/wp-json\/wp\/v2\/posts"}],"about":[{"href":"https:\/\/www.pogar.ch\/webnew\/wp-json\/wp\/v2\/types\/post"}],"author":[{"embeddable":true,"href":"https:\/\/www.pogar.ch\/webnew\/wp-json\/wp\/v2\/users\/2"}],"replies":[{"embeddable":true,"href":"https:\/\/www.pogar.ch\/webnew\/wp-json\/wp\/v2\/comments?post=18494"}],"version-history":[{"count":4,"href":"https:\/\/www.pogar.ch\/webnew\/wp-json\/wp\/v2\/posts\/18494\/revisions"}],"predecessor-version":[{"id":18499,"href":"https:\/\/www.pogar.ch\/webnew\/wp-json\/wp\/v2\/posts\/18494\/revisions\/18499"}],"wp:featuredmedia":[{"embeddable":true,"href":"https:\/\/www.pogar.ch\/webnew\/wp-json\/wp\/v2\/media\/18500"}],"wp:attachment":[{"href":"https:\/\/www.pogar.ch\/webnew\/wp-json\/wp\/v2\/media?parent=18494"}],"wp:term":[{"taxonomy":"category","embeddable":true,"href":"https:\/\/www.pogar.ch\/webnew\/wp-json\/wp\/v2\/categories?post=18494"},{"taxonomy":"post_tag","embeddable":true,"href":"https:\/\/www.pogar.ch\/webnew\/wp-json\/wp\/v2\/tags?post=18494"}],"curies":[{"name":"wp","href":"https:\/\/api.w.org\/{rel}","templated":true}]}}