{"id":18253,"date":"2025-07-15T09:02:28","date_gmt":"2025-07-15T07:02:28","guid":{"rendered":"https:\/\/www.pogar.ch\/webnew\/?p=18253"},"modified":"2025-07-24T13:58:18","modified_gmt":"2025-07-24T11:58:18","slug":"quelle-motorisation-choisir-portail","status":"publish","type":"post","link":"https:\/\/www.pogar.ch\/webnew\/quelle-motorisation-choisir-portail\/","title":{"rendered":"Quelle motorisation choisir pour son portail : \u00e0 bras, \u00e0 v\u00e9rin ou enterr\u00e9e ?"},"content":{"rendered":"<section class=\"wpb-content-wrapper\"><p>[vc_row css_animation=\u00a0\u00bb\u00a0\u00bb row_type=\u00a0\u00bbrow\u00a0\u00bb use_row_as_full_screen_section=\u00a0\u00bbno\u00a0\u00bb type=\u00a0\u00bbfull_width\u00a0\u00bb angled_section=\u00a0\u00bbno\u00a0\u00bb text_align=\u00a0\u00bbleft\u00a0\u00bb background_image_as_pattern=\u00a0\u00bbwithout_pattern\u00a0\u00bb][vc_column][vc_separator type=\u00a0\u00bbtransparent\u00a0\u00bb up=\u00a0\u00bb50&Prime; down=\u00a0\u00bb0&Prime;][vc_column_text]Installer un <strong>portail \u00e9lectrique<\/strong> est un vrai plus pour votre confort au quotidien. Fini les allers-retours sous la pluie ou dans le froid : une simple pression sur la t\u00e9l\u00e9commande et votre portail s\u2019ouvre. Encore faut-il <strong>choisir la bonne motorisation.<\/strong><\/p>\n<p>Entre les syst\u00e8mes \u00e0 <strong>bras articul\u00e9s, \u00e0 v\u00e9rin ou enterr\u00e9s,<\/strong> chaque technologie poss\u00e8de ses particularit\u00e9s. Pour faire le bon choix, plusieurs crit\u00e8res doivent \u00eatre pris en compte : le type de portail, son mat\u00e9riau, la fr\u00e9quence d\u2019utilisation, l\u2019espace disponible et l\u2019esth\u00e9tique souhait\u00e9e.<\/p>\n<p>Dans cet article, <strong>Pogar SA,<\/strong> sp\u00e9cialiste des portails motoris\u00e9s en Suisse romande, vous aide \u00e0 comparer les diff\u00e9rents syst\u00e8mes de <a href=\"https:\/\/www.pogar.ch\/webnew\/produits\/motorisation\/\"><strong>motorisation<\/strong><\/a> pour vous guider vers la solution la plus adapt\u00e9e \u00e0 votre projet.[\/vc_column_text][vc_separator type=\u00a0\u00bbsmall\u00a0\u00bb position=\u00a0\u00bbleft\u00a0\u00bb up=\u00a0\u00bb30&Prime; down=\u00a0\u00bb60&Prime;][vc_column_text]<\/p>\n<h3>1. Motorisation \u00e0 bras articul\u00e9s : souplesse et simplicit\u00e9<\/h3>\n<p>&nbsp;<\/p>\n<h5>Fonctionnement<\/h5>\n<p>Le syst\u00e8me \u00e0 bras imite le mouvement d\u2019un bras humain. Il est compos\u00e9 de deux bras articul\u00e9s fix\u00e9s sur chaque vantail du portail et reli\u00e9s au pilier.<\/p>\n<p>&nbsp;<\/p>\n<h5>Avantages<\/h5>\n<ul>\n<li>Id\u00e9al pour les portails battants, m\u00eame anciens<\/li>\n<li>Mouvement naturel, pr\u00e9serve la structure du portail<\/li>\n<li>Installation simple et rapide<\/li>\n<li>Prix abordable<\/li>\n<\/ul>\n<p>&nbsp;<\/p>\n<h5>Inconv\u00e9nients<\/h5>\n<ul>\n<li>Bras visibles : impact esth\u00e9tique possible<\/li>\n<li>Encombrement plus important (n\u00e9cessite de l\u2019espace lat\u00e9ral)<\/li>\n<li>Moins adapt\u00e9 aux portails tr\u00e8s lourds<\/li>\n<\/ul>\n<p>&nbsp;<\/p>\n<h5>\u00c0 privil\u00e9gier si :<\/h5>\n<ul>\n<li>Vous souhaitez motoriser un portail existant<\/li>\n<li>L\u2019esth\u00e9tique n\u2019est pas la priorit\u00e9 absolue<\/li>\n<li>Votre portail est en bois ou PVC, donc plus fragile<\/li>\n<\/ul>\n<p>[\/vc_column_text][vc_separator type=\u00a0\u00bbsmall\u00a0\u00bb position=\u00a0\u00bbleft\u00a0\u00bb up=\u00a0\u00bb30&Prime; down=\u00a0\u00bb60&Prime;][vc_single_image image=\u00a0\u00bb18266&Prime; img_size=\u00a0\u00bbfull\u00a0\u00bb alignment=\u00a0\u00bbcenter\u00a0\u00bb qode_css_animation=\u00a0\u00bb\u00a0\u00bb][vc_separator type=\u00a0\u00bbtransparent\u00a0\u00bb up=\u00a0\u00bb30&Prime; down=\u00a0\u00bb60&Prime;][vc_column_text]<\/p>\n<h3>2. Motorisation \u00e0 v\u00e9rins : puissance et compacit\u00e9<\/h3>\n<p>&nbsp;<\/p>\n<h5>Fonctionnement<\/h5>\n<p>Le syst\u00e8me \u00e0 v\u00e9rin fonctionne par pouss\u00e9e lin\u00e9aire. Un v\u00e9rin \u00e9lectrique pousse ou tire directement sur le vantail du portail.<\/p>\n<p>&nbsp;<\/p>\n<h5>Avantages<\/h5>\n<ul>\n<li>Plus discret que les bras articul\u00e9s<\/li>\n<li>Moins encombrant<\/li>\n<li>Adapt\u00e9 aux portails lourds et rigides (acier, fer forg\u00e9, aluminium renforc\u00e9)<\/li>\n<li>Bonne puissance, m\u00eame pour de grandes dimensions<\/li>\n<\/ul>\n<p>&nbsp;<\/p>\n<h5>Inconv\u00e9nients<\/h5>\n<ul>\n<li>Mouvement plus sec, peut fatiguer les gonds \u00e0 long terme<\/li>\n<li>Moins recommand\u00e9 pour les portails l\u00e9gers ou anciens<\/li>\n<li>N\u00e9cessite des piliers solides<\/li>\n<\/ul>\n<p>&nbsp;<\/p>\n<h5>\u00c0 privil\u00e9gier si :<\/h5>\n<ul>\n<li>Vous recherchez un syst\u00e8me compact et puissant<\/li>\n<li>Votre portail est robuste et r\u00e9cent<\/li>\n<li>Vous disposez de piliers en b\u00e9ton ou en ma\u00e7onnerie solide<\/li>\n<\/ul>\n<p>[\/vc_column_text][vc_separator type=\u00a0\u00bbsmall\u00a0\u00bb position=\u00a0\u00bbleft\u00a0\u00bb up=\u00a0\u00bb30&Prime; down=\u00a0\u00bb60&Prime;][vc_single_image image=\u00a0\u00bb18258&Prime; img_size=\u00a0\u00bbfull\u00a0\u00bb alignment=\u00a0\u00bbcenter\u00a0\u00bb qode_css_animation=\u00a0\u00bb\u00a0\u00bb][vc_separator type=\u00a0\u00bbtransparent\u00a0\u00bb up=\u00a0\u00bb30&Prime; down=\u00a0\u00bb60&Prime;][vc_column_text]<\/p>\n<h3>3. Motorisation enterr\u00e9e : discr\u00e9tion maximale<\/h3>\n<p>&nbsp;<\/p>\n<h5>Fonctionnement<\/h5>\n<p>Le moteur est int\u00e9gr\u00e9 dans le sol \u00e0 la base de chaque vantail. Il agit directement sur l\u2019axe du portail pour le faire pivoter.<\/p>\n<p>&nbsp;<\/p>\n<h5>Avantages<\/h5>\n<ul>\n<li>Invisibilit\u00e9 totale du m\u00e9canisme<\/li>\n<li>Mouvement fluide et silencieux<\/li>\n<li>Pr\u00e9serve l\u2019esth\u00e9tique du portail et des piliers<\/li>\n<li>Excellente long\u00e9vit\u00e9 avec un entretien r\u00e9gulier<\/li>\n<\/ul>\n<p>&nbsp;<\/p>\n<h5>Inconv\u00e9nients<\/h5>\n<ul>\n<li>Installation plus complexe (travaux de ma\u00e7onnerie)<\/li>\n<li>Prix plus \u00e9lev\u00e9<\/li>\n<li>Acc\u00e8s plus difficile en cas de maintenance<\/li>\n<li>N\u00e9cessite un bon syst\u00e8me de drainage pour \u00e9viter les infiltrations<\/li>\n<\/ul>\n<p>&nbsp;<\/p>\n<h5>\u00c0 privil\u00e9gier si :<\/h5>\n<ul>\n<li>Vous construisez un portail neuf<\/li>\n<li>L\u2019esth\u00e9tique et la finesse d\u2019int\u00e9gration sont essentiels<\/li>\n<li>Vous \u00eates pr\u00eat \u00e0 investir dans une solution haut de gamme<\/li>\n<\/ul>\n<p>[\/vc_column_text][vc_separator type=\u00a0\u00bbsmall\u00a0\u00bb position=\u00a0\u00bbleft\u00a0\u00bb up=\u00a0\u00bb30&Prime; down=\u00a0\u00bb60&Prime;][vc_single_image image=\u00a0\u00bb18257&Prime; img_size=\u00a0\u00bbfull\u00a0\u00bb alignment=\u00a0\u00bbcenter\u00a0\u00bb qode_css_animation=\u00a0\u00bb\u00a0\u00bb][vc_separator type=\u00a0\u00bbtransparent\u00a0\u00bb up=\u00a0\u00bb30&Prime; down=\u00a0\u00bb60&Prime;][vc_column_text]<\/p>\n<h3>4. Autres crit\u00e8res pour choisir la bonne motorisation<\/h3>\n<p>&nbsp;<\/p>\n<h5>Type de portail<\/h5>\n<ul>\n<li>Battant \u00e0 deux vantaux : compatible avec les trois syst\u00e8mes<\/li>\n<li>Portail coulissant : n\u00e9cessite un moteur sp\u00e9cifique \u00e0 cr\u00e9maill\u00e8re, non couvert ici<\/li>\n<\/ul>\n<p>&nbsp;<\/p>\n<h5>Fr\u00e9quence d\u2019ouverture<\/h5>\n<ul>\n<li>Usage ponctuel : syst\u00e8me \u00e0 bras suffisant<\/li>\n<li>Usage intensif (familial, professionnel) : pr\u00e9f\u00e9rer un syst\u00e8me enterr\u00e9 ou \u00e0 v\u00e9rin robuste<\/li>\n<\/ul>\n<p>&nbsp;<\/p>\n<h5>Conditions climatiques<\/h5>\n<ul>\n<li>Zone vent\u00e9e ou en altitude : motorisation puissante et r\u00e9sistante (v\u00e9rin ou enterr\u00e9e)<\/li>\n<li>Zone humide : privil\u00e9gier un moteur \u00e9tanche, enterr\u00e9 avec bon drainage<\/li>\n<\/ul>\n<p>&nbsp;<\/p>\n<h5>Piliers et structure<\/h5>\n<ul>\n<li>Pilier creux : mieux vaut \u00e9viter le v\u00e9rin<\/li>\n<li>Pilier plein : toutes les options sont envisageables<\/li>\n<\/ul>\n<p>[\/vc_column_text][vc_separator type=\u00a0\u00bbsmall\u00a0\u00bb position=\u00a0\u00bbleft\u00a0\u00bb up=\u00a0\u00bb30&Prime; down=\u00a0\u00bb60&Prime;][vc_separator type=\u00a0\u00bbtransparent\u00a0\u00bb up=\u00a0\u00bb30&Prime; down=\u00a0\u00bb60&Prime;][vc_column_text]<\/p>\n<h3>5. Pourquoi faire confiance \u00e0 Pogar SA ?<\/h3>\n<p>&nbsp;<\/p>\n<p><strong>Pogar SA,<\/strong> entreprise suisse sp\u00e9cialis\u00e9e dans les <strong>portails motoris\u00e9s,<\/strong> vous propose :<\/p>\n<ul>\n<li>Une \u00e9tude personnalis\u00e9e sur site pour \u00e9valuer vos contraintes techniques<\/li>\n<li>Des motorisations de qualit\u00e9 test\u00e9es pour les conditions suisses<\/li>\n<li>Un accompagnement complet : du choix au service apr\u00e8s-vente<\/li>\n<li>Des motorisations compatibles avec les syst\u00e8mes de contr\u00f4le d\u2019acc\u00e8s (digicode, badge, interphone vid\u00e9o)<\/li>\n<\/ul>\n<p>Nous travaillons avec des fabricants reconnus pour leur <strong>fiabilit\u00e9 et leur long\u00e9vit\u00e9,<\/strong> et garantissons une installation conforme aux normes en vigueur.[\/vc_column_text][vc_separator type=\u00a0\u00bbsmall\u00a0\u00bb position=\u00a0\u00bbleft\u00a0\u00bb up=\u00a0\u00bb30&Prime; down=\u00a0\u00bb60&Prime;][vc_separator type=\u00a0\u00bbtransparent\u00a0\u00bb up=\u00a0\u00bb30&Prime; down=\u00a0\u00bb60&Prime;][vc_column_text]<\/p>\n<h3>Conclusion : quelle motorisation de portail est faite pour vous ?<\/h3>\n<p>Le choix entre une motorisation \u00e0 bras, \u00e0 v\u00e9rin ou enterr\u00e9e d\u00e9pend avant tout de votre type de portail, de vos priorit\u00e9s en mati\u00e8re de confort et d\u2019esth\u00e9tique, et de votre budget.<\/p>\n<p><strong>Besoin de conseils ?<\/strong> L\u2019\u00e9quipe <strong>Pogar SA<\/strong> est \u00e0 votre disposition pour vous orienter vers la solution la plus adapt\u00e9e \u00e0 votre terrain et \u00e0 votre projet. <a href=\"https:\/\/www.pogar.ch\/webnew\/contact\/\"><strong>Contactez-nous<\/strong><\/a> pour un devis gratuit ou une visite technique.<\/p>\n<p>&nbsp;<\/p>\n<h5>Suggestions de liens internes :<\/h5>\n<p><a href=\"https:\/\/www.pogar.ch\/webnew\/comparatif-systemes-de-motorisation-portes-de-garage\/\">Comparatif des syst\u00e8mes de motorisation<\/a><br \/>\n<a href=\"https:\/\/www.pogar.ch\/webnew\/securiser-acces-propriete-solutions-pogar\/\">S\u00e9curiser son portail : nos solutions<\/a>[\/vc_column_text][vc_separator type=\u00a0\u00bbsmall\u00a0\u00bb position=\u00a0\u00bbleft\u00a0\u00bb up=\u00a0\u00bb30&Prime; down=\u00a0\u00bb60&Prime;][vc_separator type=\u00a0\u00bbtransparent\u00a0\u00bb up=\u00a0\u00bb30&Prime; down=\u00a0\u00bb60&Prime;][\/vc_column][\/vc_row]<\/p>\n<\/section>","protected":false},"excerpt":{"rendered":"<p>D\u00e9couvrez quelle motorisation choisir pour votre portail : \u00e0 bras, \u00e0 v\u00e9rin ou enterr\u00e9e. Nos conseils pour un portail \u00e9lectrique adapt\u00e9 \u00e0 vos besoins.<\/p>\n","protected":false},"author":2,"featured_media":18259,"comment_status":"closed","ping_status":"open","sticky":false,"template":"","format":"standard","meta":[],"categories":[158],"tags":[219,220,221,218],"yoast_head":"<!-- This site is optimized with the Yoast SEO Premium plugin v20.9 (Yoast SEO v20.9) - https:\/\/yoast.com\/wordpress\/plugins\/seo\/ -->\n<title>Quelle motorisation choisir pour son portail ? - Pogar S.A.<\/title>\n<meta name=\"description\" content=\"D\u00e9couvrez quelle motorisation choisir pour votre portail : \u00e0 bras, \u00e0 v\u00e9rin ou enterr\u00e9e. Nos conseils pour un portail \u00e9lectrique adapt\u00e9 \u00e0 vos besoins.\" \/>\n<meta name=\"robots\" content=\"index, follow, max-snippet:-1, max-image-preview:large, max-video-preview:-1\" \/>\n<link rel=\"canonical\" href=\"https:\/\/www.pogar.ch\/webnew\/quelle-motorisation-choisir-portail\/\" \/>\n<meta property=\"og:locale\" content=\"fr_FR\" \/>\n<meta property=\"og:type\" content=\"article\" \/>\n<meta property=\"og:title\" content=\"Quelle motorisation choisir pour son portail : \u00e0 bras, \u00e0 v\u00e9rin ou enterr\u00e9e ?\" \/>\n<meta property=\"og:description\" content=\"D\u00e9couvrez quelle motorisation choisir pour votre portail : \u00e0 bras, \u00e0 v\u00e9rin ou enterr\u00e9e. Nos conseils pour un portail \u00e9lectrique adapt\u00e9 \u00e0 vos besoins.\" \/>\n<meta property=\"og:url\" content=\"https:\/\/www.pogar.ch\/webnew\/quelle-motorisation-choisir-portail\/\" \/>\n<meta property=\"og:site_name\" content=\"Pogar S.A.\" \/>\n<meta property=\"article:publisher\" content=\"https:\/\/www.facebook.com\/POGAR-Team-139006666269936\/\" \/>\n<meta property=\"article:published_time\" content=\"2025-07-15T07:02:28+00:00\" \/>\n<meta property=\"article:modified_time\" content=\"2025-07-24T11:58:18+00:00\" \/>\n<meta property=\"og:image\" content=\"https:\/\/www.pogar.ch\/webnew\/wp-content\/uploads\/2025\/07\/Quelle-motorisation-choisir-pour-son-portail-03-scaled.webp\" \/>\n\t<meta property=\"og:image:width\" content=\"2560\" \/>\n\t<meta property=\"og:image:height\" content=\"1920\" \/>\n\t<meta property=\"og:image:type\" content=\"image\/webp\" \/>\n<meta name=\"author\" content=\"Patrick Malagoli\" \/>\n<meta name=\"twitter:card\" content=\"summary_large_image\" \/>\n<meta name=\"twitter:label1\" content=\"\u00c9crit par\" \/>\n\t<meta name=\"twitter:data1\" content=\"Patrick Malagoli\" \/>\n\t<meta name=\"twitter:label2\" content=\"Dur\u00e9e de lecture estim\u00e9e\" \/>\n\t<meta name=\"twitter:data2\" content=\"4 minutes\" \/>\n<script type=\"application\/ld+json\" class=\"yoast-schema-graph\">{\"@context\":\"https:\/\/schema.org\",\"@graph\":[{\"@type\":\"Article\",\"@id\":\"https:\/\/www.pogar.ch\/webnew\/quelle-motorisation-choisir-portail\/#article\",\"isPartOf\":{\"@id\":\"https:\/\/www.pogar.ch\/webnew\/quelle-motorisation-choisir-portail\/\"},\"author\":{\"name\":\"Patrick Malagoli\",\"@id\":\"https:\/\/www.pogar.ch\/webnew\/#\/schema\/person\/6cb4f0ec03ff6e07fc37012a0b38290f\"},\"headline\":\"Quelle motorisation choisir pour son portail : \u00e0 bras, \u00e0 v\u00e9rin ou enterr\u00e9e ?\",\"datePublished\":\"2025-07-15T07:02:28+00:00\",\"dateModified\":\"2025-07-24T11:58:18+00:00\",\"mainEntityOfPage\":{\"@id\":\"https:\/\/www.pogar.ch\/webnew\/quelle-motorisation-choisir-portail\/\"},\"wordCount\":1016,\"publisher\":{\"@id\":\"https:\/\/www.pogar.ch\/webnew\/#organization\"},\"keywords\":[\"motorisation \u00e0 bras\",\"motorisation \u00e0 v\u00e9rin\",\"motorisation enterr\u00e9e\",\"motorisation portail\"],\"articleSection\":[\"Conseils et astuces\"],\"inLanguage\":\"fr-FR\"},{\"@type\":\"WebPage\",\"@id\":\"https:\/\/www.pogar.ch\/webnew\/quelle-motorisation-choisir-portail\/\",\"url\":\"https:\/\/www.pogar.ch\/webnew\/quelle-motorisation-choisir-portail\/\",\"name\":\"Quelle motorisation choisir pour son portail ? - Pogar S.A.\",\"isPartOf\":{\"@id\":\"https:\/\/www.pogar.ch\/webnew\/#website\"},\"datePublished\":\"2025-07-15T07:02:28+00:00\",\"dateModified\":\"2025-07-24T11:58:18+00:00\",\"description\":\"D\u00e9couvrez quelle motorisation choisir pour votre portail : \u00e0 bras, \u00e0 v\u00e9rin ou enterr\u00e9e. Nos conseils pour un portail \u00e9lectrique adapt\u00e9 \u00e0 vos besoins.\",\"breadcrumb\":{\"@id\":\"https:\/\/www.pogar.ch\/webnew\/quelle-motorisation-choisir-portail\/#breadcrumb\"},\"inLanguage\":\"fr-FR\",\"potentialAction\":[{\"@type\":\"ReadAction\",\"target\":[\"https:\/\/www.pogar.ch\/webnew\/quelle-motorisation-choisir-portail\/\"]}]},{\"@type\":\"BreadcrumbList\",\"@id\":\"https:\/\/www.pogar.ch\/webnew\/quelle-motorisation-choisir-portail\/#breadcrumb\",\"itemListElement\":[{\"@type\":\"ListItem\",\"position\":1,\"name\":\"Accueil\",\"item\":\"https:\/\/www.pogar.ch\/webnew\/\"},{\"@type\":\"ListItem\",\"position\":2,\"name\":\"Quelle motorisation choisir pour son portail : \u00e0 bras, \u00e0 v\u00e9rin ou enterr\u00e9e ?\"}]},{\"@type\":\"WebSite\",\"@id\":\"https:\/\/www.pogar.ch\/webnew\/#website\",\"url\":\"https:\/\/www.pogar.ch\/webnew\/\",\"name\":\"Pogar S.A.\",\"description\":\"Portes de garage - Portes d&#039;entr\u00e9e - Portails\",\"publisher\":{\"@id\":\"https:\/\/www.pogar.ch\/webnew\/#organization\"},\"potentialAction\":[{\"@type\":\"SearchAction\",\"target\":{\"@type\":\"EntryPoint\",\"urlTemplate\":\"https:\/\/www.pogar.ch\/webnew\/?s={search_term_string}\"},\"query-input\":\"required name=search_term_string\"}],\"inLanguage\":\"fr-FR\"},{\"@type\":\"Organization\",\"@id\":\"https:\/\/www.pogar.ch\/webnew\/#organization\",\"name\":\"Pogar S.A.\",\"url\":\"https:\/\/www.pogar.ch\/webnew\/\",\"logo\":{\"@type\":\"ImageObject\",\"inLanguage\":\"fr-FR\",\"@id\":\"https:\/\/www.pogar.ch\/webnew\/#\/schema\/logo\/image\/\",\"url\":\"https:\/\/www.pogar.ch\/webnew\/wp-content\/uploads\/2019\/09\/logo-positif-pogar.png\",\"contentUrl\":\"https:\/\/www.pogar.ch\/webnew\/wp-content\/uploads\/2019\/09\/logo-positif-pogar.png\",\"width\":254,\"height\":210,\"caption\":\"Pogar S.A.\"},\"image\":{\"@id\":\"https:\/\/www.pogar.ch\/webnew\/#\/schema\/logo\/image\/\"},\"sameAs\":[\"https:\/\/www.facebook.com\/POGAR-Team-139006666269936\/\",\"https:\/\/www.instagram.com\/pogar_sa\/\",\"https:\/\/www.linkedin.com\/company\/81284588\/\"]},{\"@type\":\"Person\",\"@id\":\"https:\/\/www.pogar.ch\/webnew\/#\/schema\/person\/6cb4f0ec03ff6e07fc37012a0b38290f\",\"name\":\"Patrick Malagoli\",\"image\":{\"@type\":\"ImageObject\",\"inLanguage\":\"fr-FR\",\"@id\":\"https:\/\/www.pogar.ch\/webnew\/#\/schema\/person\/image\/\",\"url\":\"https:\/\/secure.gravatar.com\/avatar\/923ce6be517733f9947b9ba8070cceb6?s=96&d=mm&r=g\",\"contentUrl\":\"https:\/\/secure.gravatar.com\/avatar\/923ce6be517733f9947b9ba8070cceb6?s=96&d=mm&r=g\",\"caption\":\"Patrick Malagoli\"},\"url\":\"https:\/\/www.pogar.ch\/webnew\/author\/patrick\/\"}]}<\/script>\n<!-- \/ Yoast SEO Premium plugin. -->","yoast_head_json":{"title":"Quelle motorisation choisir pour son portail ? - Pogar S.A.","description":"D\u00e9couvrez quelle motorisation choisir pour votre portail : \u00e0 bras, \u00e0 v\u00e9rin ou enterr\u00e9e. Nos conseils pour un portail \u00e9lectrique adapt\u00e9 \u00e0 vos besoins.","robots":{"index":"index","follow":"follow","max-snippet":"max-snippet:-1","max-image-preview":"max-image-preview:large","max-video-preview":"max-video-preview:-1"},"canonical":"https:\/\/www.pogar.ch\/webnew\/quelle-motorisation-choisir-portail\/","og_locale":"fr_FR","og_type":"article","og_title":"Quelle motorisation choisir pour son portail : \u00e0 bras, \u00e0 v\u00e9rin ou enterr\u00e9e ?","og_description":"D\u00e9couvrez quelle motorisation choisir pour votre portail : \u00e0 bras, \u00e0 v\u00e9rin ou enterr\u00e9e. Nos conseils pour un portail \u00e9lectrique adapt\u00e9 \u00e0 vos besoins.","og_url":"https:\/\/www.pogar.ch\/webnew\/quelle-motorisation-choisir-portail\/","og_site_name":"Pogar S.A.","article_publisher":"https:\/\/www.facebook.com\/POGAR-Team-139006666269936\/","article_published_time":"2025-07-15T07:02:28+00:00","article_modified_time":"2025-07-24T11:58:18+00:00","og_image":[{"width":2560,"height":1920,"url":"https:\/\/www.pogar.ch\/webnew\/wp-content\/uploads\/2025\/07\/Quelle-motorisation-choisir-pour-son-portail-03-scaled.webp","type":"image\/webp"}],"author":"Patrick Malagoli","twitter_card":"summary_large_image","twitter_misc":{"\u00c9crit par":"Patrick Malagoli","Dur\u00e9e de lecture estim\u00e9e":"4 minutes"},"schema":{"@context":"https:\/\/schema.org","@graph":[{"@type":"Article","@id":"https:\/\/www.pogar.ch\/webnew\/quelle-motorisation-choisir-portail\/#article","isPartOf":{"@id":"https:\/\/www.pogar.ch\/webnew\/quelle-motorisation-choisir-portail\/"},"author":{"name":"Patrick Malagoli","@id":"https:\/\/www.pogar.ch\/webnew\/#\/schema\/person\/6cb4f0ec03ff6e07fc37012a0b38290f"},"headline":"Quelle motorisation choisir pour son portail : \u00e0 bras, \u00e0 v\u00e9rin ou enterr\u00e9e ?","datePublished":"2025-07-15T07:02:28+00:00","dateModified":"2025-07-24T11:58:18+00:00","mainEntityOfPage":{"@id":"https:\/\/www.pogar.ch\/webnew\/quelle-motorisation-choisir-portail\/"},"wordCount":1016,"publisher":{"@id":"https:\/\/www.pogar.ch\/webnew\/#organization"},"keywords":["motorisation \u00e0 bras","motorisation \u00e0 v\u00e9rin","motorisation enterr\u00e9e","motorisation portail"],"articleSection":["Conseils et astuces"],"inLanguage":"fr-FR"},{"@type":"WebPage","@id":"https:\/\/www.pogar.ch\/webnew\/quelle-motorisation-choisir-portail\/","url":"https:\/\/www.pogar.ch\/webnew\/quelle-motorisation-choisir-portail\/","name":"Quelle motorisation choisir pour son portail ? - Pogar S.A.","isPartOf":{"@id":"https:\/\/www.pogar.ch\/webnew\/#website"},"datePublished":"2025-07-15T07:02:28+00:00","dateModified":"2025-07-24T11:58:18+00:00","description":"D\u00e9couvrez quelle motorisation choisir pour votre portail : \u00e0 bras, \u00e0 v\u00e9rin ou enterr\u00e9e. Nos conseils pour un portail \u00e9lectrique adapt\u00e9 \u00e0 vos besoins.","breadcrumb":{"@id":"https:\/\/www.pogar.ch\/webnew\/quelle-motorisation-choisir-portail\/#breadcrumb"},"inLanguage":"fr-FR","potentialAction":[{"@type":"ReadAction","target":["https:\/\/www.pogar.ch\/webnew\/quelle-motorisation-choisir-portail\/"]}]},{"@type":"BreadcrumbList","@id":"https:\/\/www.pogar.ch\/webnew\/quelle-motorisation-choisir-portail\/#breadcrumb","itemListElement":[{"@type":"ListItem","position":1,"name":"Accueil","item":"https:\/\/www.pogar.ch\/webnew\/"},{"@type":"ListItem","position":2,"name":"Quelle motorisation choisir pour son portail : \u00e0 bras, \u00e0 v\u00e9rin ou enterr\u00e9e ?"}]},{"@type":"WebSite","@id":"https:\/\/www.pogar.ch\/webnew\/#website","url":"https:\/\/www.pogar.ch\/webnew\/","name":"Pogar S.A.","description":"Portes de garage - Portes d&#039;entr\u00e9e - Portails","publisher":{"@id":"https:\/\/www.pogar.ch\/webnew\/#organization"},"potentialAction":[{"@type":"SearchAction","target":{"@type":"EntryPoint","urlTemplate":"https:\/\/www.pogar.ch\/webnew\/?s={search_term_string}"},"query-input":"required name=search_term_string"}],"inLanguage":"fr-FR"},{"@type":"Organization","@id":"https:\/\/www.pogar.ch\/webnew\/#organization","name":"Pogar S.A.","url":"https:\/\/www.pogar.ch\/webnew\/","logo":{"@type":"ImageObject","inLanguage":"fr-FR","@id":"https:\/\/www.pogar.ch\/webnew\/#\/schema\/logo\/image\/","url":"https:\/\/www.pogar.ch\/webnew\/wp-content\/uploads\/2019\/09\/logo-positif-pogar.png","contentUrl":"https:\/\/www.pogar.ch\/webnew\/wp-content\/uploads\/2019\/09\/logo-positif-pogar.png","width":254,"height":210,"caption":"Pogar S.A."},"image":{"@id":"https:\/\/www.pogar.ch\/webnew\/#\/schema\/logo\/image\/"},"sameAs":["https:\/\/www.facebook.com\/POGAR-Team-139006666269936\/","https:\/\/www.instagram.com\/pogar_sa\/","https:\/\/www.linkedin.com\/company\/81284588\/"]},{"@type":"Person","@id":"https:\/\/www.pogar.ch\/webnew\/#\/schema\/person\/6cb4f0ec03ff6e07fc37012a0b38290f","name":"Patrick Malagoli","image":{"@type":"ImageObject","inLanguage":"fr-FR","@id":"https:\/\/www.pogar.ch\/webnew\/#\/schema\/person\/image\/","url":"https:\/\/secure.gravatar.com\/avatar\/923ce6be517733f9947b9ba8070cceb6?s=96&d=mm&r=g","contentUrl":"https:\/\/secure.gravatar.com\/avatar\/923ce6be517733f9947b9ba8070cceb6?s=96&d=mm&r=g","caption":"Patrick Malagoli"},"url":"https:\/\/www.pogar.ch\/webnew\/author\/patrick\/"}]}},"_links":{"self":[{"href":"https:\/\/www.pogar.ch\/webnew\/wp-json\/wp\/v2\/posts\/18253"}],"collection":[{"href":"https:\/\/www.pogar.ch\/webnew\/wp-json\/wp\/v2\/posts"}],"about":[{"href":"https:\/\/www.pogar.ch\/webnew\/wp-json\/wp\/v2\/types\/post"}],"author":[{"embeddable":true,"href":"https:\/\/www.pogar.ch\/webnew\/wp-json\/wp\/v2\/users\/2"}],"replies":[{"embeddable":true,"href":"https:\/\/www.pogar.ch\/webnew\/wp-json\/wp\/v2\/comments?post=18253"}],"version-history":[{"count":13,"href":"https:\/\/www.pogar.ch\/webnew\/wp-json\/wp\/v2\/posts\/18253\/revisions"}],"predecessor-version":[{"id":18270,"href":"https:\/\/www.pogar.ch\/webnew\/wp-json\/wp\/v2\/posts\/18253\/revisions\/18270"}],"wp:featuredmedia":[{"embeddable":true,"href":"https:\/\/www.pogar.ch\/webnew\/wp-json\/wp\/v2\/media\/18259"}],"wp:attachment":[{"href":"https:\/\/www.pogar.ch\/webnew\/wp-json\/wp\/v2\/media?parent=18253"}],"wp:term":[{"taxonomy":"category","embeddable":true,"href":"https:\/\/www.pogar.ch\/webnew\/wp-json\/wp\/v2\/categories?post=18253"},{"taxonomy":"post_tag","embeddable":true,"href":"https:\/\/www.pogar.ch\/webnew\/wp-json\/wp\/v2\/tags?post=18253"}],"curies":[{"name":"wp","href":"https:\/\/api.w.org\/{rel}","templated":true}]}}