{"id":18203,"date":"2025-06-03T16:16:28","date_gmt":"2025-06-03T14:16:28","guid":{"rendered":"https:\/\/www.pogar.ch\/webnew\/?p=18203"},"modified":"2025-06-24T09:17:05","modified_gmt":"2025-06-24T07:17:05","slug":"ventiler-garage-espaces-clos-chaleur","status":"publish","type":"post","link":"https:\/\/www.pogar.ch\/webnew\/ventiler-garage-espaces-clos-chaleur\/","title":{"rendered":"Anticiper les fortes chaleurs : pensez \u00e0 ventiler votre garage et vos espaces clos"},"content":{"rendered":"<section class=\"wpb-content-wrapper\"><p>[vc_row css_animation=\u00a0\u00bb\u00a0\u00bb row_type=\u00a0\u00bbrow\u00a0\u00bb use_row_as_full_screen_section=\u00a0\u00bbno\u00a0\u00bb type=\u00a0\u00bbfull_width\u00a0\u00bb angled_section=\u00a0\u00bbno\u00a0\u00bb text_align=\u00a0\u00bbleft\u00a0\u00bb background_image_as_pattern=\u00a0\u00bbwithout_pattern\u00a0\u00bb][vc_column][vc_separator type=\u00a0\u00bbtransparent\u00a0\u00bb up=\u00a0\u00bb50&Prime; down=\u00a0\u00bb0&Prime;][vc_column_text]Avec les temp\u00e9ratures estivales qui grimpent d\u2019ann\u00e9e en ann\u00e9e, <strong>l\u2019air devient vite \u00e9touffant dans les garages et espaces clos mal ventil\u00e9s.<\/strong> Pourtant, ces zones sont souvent n\u00e9glig\u00e9es lorsqu\u2019il s\u2019agit d\u2019am\u00e9liorer le confort thermique de l\u2019habitat.<\/p>\n<p><strong>Chez Pogar SA,<\/strong> nous accompagnons nos clients dans la conception de portes, portails et installations qui r\u00e9pondent aux <strong>besoins d\u2019a\u00e9ration, de s\u00e9curit\u00e9 et de durabilit\u00e9.<\/strong> Dans cet article, d\u00e9couvrez pourquoi il est crucial de ventiler votre garage avant l\u2019arriv\u00e9e des fortes chaleurs, et comment le faire efficacement.[\/vc_column_text][vc_separator type=\u00a0\u00bbsmall\u00a0\u00bb position=\u00a0\u00bbleft\u00a0\u00bb up=\u00a0\u00bb30&Prime; down=\u00a0\u00bb60&Prime;][vc_single_image image=\u00a0\u00bb18206&Prime; img_size=\u00a0\u00bbfull\u00a0\u00bb alignment=\u00a0\u00bbcenter\u00a0\u00bb qode_css_animation=\u00a0\u00bb\u00a0\u00bb][vc_separator type=\u00a0\u00bbtransparent\u00a0\u00bb up=\u00a0\u00bb30&Prime; down=\u00a0\u00bb60&Prime;][vc_column_text]<\/p>\n<h3>1. Pourquoi ventiler un garage ou un espace clos ?<\/h3>\n<p>Un garage non ventil\u00e9 agit comme un v\u00e9ritable pi\u00e8ge thermique en \u00e9t\u00e9. Cela peut avoir des cons\u00e9quences non seulement sur le confort, mais aussi sur les \u00e9quipements et la structure du b\u00e2timent.<\/p>\n<h5>Risques li\u00e9s au manque de ventilation :<\/h5>\n<ul>\n<li>Accumulation de chaleur pouvant d\u00e9passer les 40 \u00b0C<\/li>\n<li>D\u00e9gradation de certains mat\u00e9riaux (plastiques, caoutchouc, peinture)<\/li>\n<li>Mauvaises odeurs stagnantes<\/li>\n<li>Condensation entra\u00eenant humidit\u00e9 et moisissures<\/li>\n<li>D\u00e9t\u00e9rioration pr\u00e9matur\u00e9e des \u00e9quipements (v\u00e9hicule, outils, appareils \u00e9lectroniques)<\/li>\n<\/ul>\n<p>&nbsp;<\/p>\n<p>Une bonne ventilation est donc essentielle pour <strong>assurer la salubrit\u00e9, le confort et la durabilit\u00e9 de votre espace ferm\u00e9,<\/strong> surtout pendant les p\u00e9riodes de canicule.[\/vc_column_text][vc_separator type=\u00a0\u00bbsmall\u00a0\u00bb position=\u00a0\u00bbleft\u00a0\u00bb up=\u00a0\u00bb30&Prime; down=\u00a0\u00bb60&Prime;][vc_separator type=\u00a0\u00bbtransparent\u00a0\u00bb up=\u00a0\u00bb30&Prime; down=\u00a0\u00bb60&Prime;][vc_column_text]<\/p>\n<h3>2. Quels sont les types de ventilation possibles ?<\/h3>\n<p>Selon la configuration de votre garage et vos besoins, plusieurs solutions existent, allant de la ventilation naturelle \u00e0 des syst\u00e8mes plus performants.<\/p>\n<h5>Ventilation naturelle :<\/h5>\n<ul>\n<li>Grilles d\u2019a\u00e9ration en fa\u00e7ade ou en partie basse de la porte<\/li>\n<li>Ouvertures oppos\u00e9es pour favoriser la circulation de l\u2019air<\/li>\n<li>Fen\u00eatre oscillo-battante si le garage est \u00e9clair\u00e9 naturellement<\/li>\n<\/ul>\n<p>&nbsp;<\/p>\n<h5>Ventilation m\u00e9canique :<\/h5>\n<ul>\n<li>Extracteur d\u2019air \u00e9lectrique avec d\u00e9tection de temp\u00e9rature<\/li>\n<li>Ventilateur mural ou en toiture<\/li>\n<li>Syst\u00e8me de VMC (Ventilation M\u00e9canique Contr\u00f4l\u00e9e) si le garage est int\u00e9gr\u00e9 \u00e0 la maison<\/li>\n<\/ul>\n<p>&nbsp;<\/p>\n<h5>Solutions hybrides :<\/h5>\n<ul>\n<li>Portes de garage perfor\u00e9es ou avec lames ventil\u00e9es<\/li>\n<li>Portails avec panneaux ajour\u00e9s en aluminium pour laisser circuler l\u2019air<\/li>\n<li>Le choix du syst\u00e8me d\u00e9pend de l\u2019usage du garage (stationnement, stockage, atelier), de sa taille et de son niveau d\u2019isolation.<\/li>\n<\/ul>\n<p>[\/vc_column_text][vc_separator type=\u00a0\u00bbsmall\u00a0\u00bb position=\u00a0\u00bbleft\u00a0\u00bb up=\u00a0\u00bb30&Prime; down=\u00a0\u00bb60&Prime;][vc_separator type=\u00a0\u00bbtransparent\u00a0\u00bb up=\u00a0\u00bb30&Prime; down=\u00a0\u00bb60&Prime;][vc_column_text]<\/p>\n<h3>3. Ventilation et s\u00e9curit\u00e9 : comment concilier les deux ?<\/h3>\n<p>A\u00e9rer, oui, mais sans compromettre la s\u00e9curit\u00e9 des lieux. Les ouvertures doivent \u00eatre choisies avec soin pour \u00e9viter toute intrusion ou perte thermique excessive.<\/p>\n<h5>Bonnes pratiques :<\/h5>\n<ul>\n<li>Utiliser des grilles avec clapet anti-retour pour emp\u00eacher les infiltrations ind\u00e9sirables<\/li>\n<li>Choisir des mod\u00e8les r\u00e9sistants \u00e0 l\u2019effraction (en aluminium ou acier)<br \/>\nInt\u00e9grer des moustiquaires pour emp\u00eacher l\u2019entr\u00e9e d\u2019insectes<\/li>\n<li>Opter pour des ouvertures situ\u00e9es en hauteur ou \u00e0 faible acc\u00e8s depuis l\u2019ext\u00e9rieur<\/li>\n<\/ul>\n<p>&nbsp;<\/p>\n<p><strong>Chez Pogar SA,<\/strong> nos portes et portails peuvent \u00eatre \u00e9quip\u00e9s de <strong>syst\u00e8mes de ventilation discrets, performants et s\u00e9curis\u00e9s, adapt\u00e9s<\/strong> \u00e0 tous les types de configurations.[\/vc_column_text][vc_separator type=\u00a0\u00bbsmall\u00a0\u00bb position=\u00a0\u00bbleft\u00a0\u00bb up=\u00a0\u00bb30&Prime; down=\u00a0\u00bb60&Prime;][vc_separator type=\u00a0\u00bbtransparent\u00a0\u00bb up=\u00a0\u00bb30&Prime; down=\u00a0\u00bb60&Prime;][vc_column_text]<\/p>\n<h3>4. Adapter la ventilation \u00e0 un garage motoris\u00e9<\/h3>\n<p>Les garages dot\u00e9s d\u2019une <strong>porte motoris\u00e9e<\/strong> doivent faire l\u2019objet d\u2019une attention particuli\u00e8re. En effet, un syst\u00e8me totalement herm\u00e9tique peut emp\u00eacher une bonne \u00e9vacuation de l\u2019air chaud.<\/p>\n<h5>Recommandations sp\u00e9cifiques :<\/h5>\n<ul>\n<li>Choisir une porte de garage avec option d\u2019a\u00e9ration int\u00e9gr\u00e9e<\/li>\n<li>Pr\u00e9voir une temporisation pour l\u2019ouverture\/fermeture automatique afin de favoriser l\u2019\u00e9change d\u2019air<\/li>\n<li>Int\u00e9grer une motorisation silencieuse, compatible avec une ouverture partielle pour ventiler sans ouvrir totalement<\/li>\n<\/ul>\n<p>&nbsp;<\/p>\n<p>Certaines motorisations connect\u00e9es permettent \u00e9galement de programmer une <strong>a\u00e9ration quotidienne<\/strong> automatique, t\u00f4t le matin ou en fin de journ\u00e9e.[\/vc_column_text][vc_separator type=\u00a0\u00bbsmall\u00a0\u00bb position=\u00a0\u00bbleft\u00a0\u00bb up=\u00a0\u00bb30&Prime; down=\u00a0\u00bb60&Prime;][vc_separator type=\u00a0\u00bbtransparent\u00a0\u00bb up=\u00a0\u00bb30&Prime; down=\u00a0\u00bb60&Prime;][vc_column_text]<\/p>\n<h3>5. Quelques gestes simples pour am\u00e9liorer naturellement la ventilation<\/h3>\n<p>Outre les installations techniques, il existe des gestes simples \u00e0 adopter pour limiter la mont\u00e9e en temp\u00e9rature dans un garage ou espace clos.<\/p>\n<h5>Conseils pratiques :<\/h5>\n<ul>\n<li>Ouvrir les portes t\u00f4t le matin ou tard le soir pour cr\u00e9er un courant d\u2019air<\/li>\n<li>Installer des plantes en pot autour de la fa\u00e7ade pour apporter de la fra\u00eecheur<\/li>\n<li>Utiliser des mat\u00e9riaux clairs \u00e0 l\u2019ext\u00e9rieur pour limiter la surchauffe par rayonnement<\/li>\n<li>D\u00e9gager les \u00e9vents ou grilles d\u2019a\u00e9ration r\u00e9guli\u00e8rement<\/li>\n<li>\u00c9viter de stocker des produits inflammables ou sensibles \u00e0 la chaleur<\/li>\n<\/ul>\n<p>&nbsp;<\/p>\n<p>En combinant ces gestes \u00e0 une bonne installation, <strong>vous r\u00e9duisez naturellement<\/strong> la temp\u00e9rature int\u00e9rieure de plusieurs degr\u00e9s.[\/vc_column_text][vc_separator type=\u00a0\u00bbsmall\u00a0\u00bb position=\u00a0\u00bbleft\u00a0\u00bb up=\u00a0\u00bb30&Prime; down=\u00a0\u00bb60&Prime;][vc_separator type=\u00a0\u00bbtransparent\u00a0\u00bb up=\u00a0\u00bb30&Prime; down=\u00a0\u00bb60&Prime;][vc_column_text]<\/p>\n<h3>Conclusion : une ventilation bien pens\u00e9e pour un \u00e9t\u00e9 serein<\/h3>\n<p>En anticipant les fortes chaleurs, vous prot\u00e9gez non seulement votre confort, mais aussi vos \u00e9quipements, votre porte de garage et votre habitation. Une ventilation efficace est un investissement simple et rentable qui am\u00e9liore durablement la qualit\u00e9 de votre environnement.<\/p>\n<p><strong>Chez Pogar SA,<\/strong> nous proposons des solutions compl\u00e8tes : portes de garage ventil\u00e9es, motorisations adapt\u00e9es, syst\u00e8mes de s\u00e9curit\u00e9 et conseils d\u2019am\u00e9nagement personnalis\u00e9s.<\/p>\n<p><strong><a href=\"https:\/\/www.pogar.ch\/webnew\/contact\/\">Demandez un devis<\/a><\/strong> ou une \u00e9tude sur mesure d\u00e8s maintenant, et pr\u00e9parez votre garage pour l\u2019\u00e9t\u00e9 ![\/vc_column_text][vc_separator type=\u00a0\u00bbsmall\u00a0\u00bb position=\u00a0\u00bbleft\u00a0\u00bb up=\u00a0\u00bb30&Prime; down=\u00a0\u00bb60&Prime;][vc_separator type=\u00a0\u00bbtransparent\u00a0\u00bb up=\u00a0\u00bb30&Prime; down=\u00a0\u00bb60&Prime;][\/vc_column][\/vc_row]<\/p>\n<\/section>","protected":false},"excerpt":{"rendered":"<p>Anticipez les fortes chaleurs : d\u00e9couvrez nos conseils pour ventiler efficacement votre garage et vos espaces clos cet \u00e9t\u00e9 sur pogar.ch.<\/p>\n","protected":false},"author":2,"featured_media":18205,"comment_status":"closed","ping_status":"open","sticky":false,"template":"","format":"standard","meta":[],"categories":[158],"tags":[204,203],"yoast_head":"<!-- This site is optimized with the Yoast SEO Premium plugin v20.9 (Yoast SEO v20.9) - https:\/\/yoast.com\/wordpress\/plugins\/seo\/ -->\n<title>Anticiper les fortes chaleurs : pensez \u00e0 ventiler votre garage<\/title>\n<meta name=\"description\" content=\"Anticipez les fortes chaleurs : d\u00e9couvrez nos conseils pour ventiler efficacement votre garage et vos espaces clos cet \u00e9t\u00e9 sur pogar.ch.\" \/>\n<meta name=\"robots\" content=\"index, follow, max-snippet:-1, max-image-preview:large, max-video-preview:-1\" \/>\n<link rel=\"canonical\" href=\"https:\/\/www.pogar.ch\/webnew\/ventiler-garage-espaces-clos-chaleur\/\" \/>\n<meta property=\"og:locale\" content=\"fr_FR\" \/>\n<meta property=\"og:type\" content=\"article\" \/>\n<meta property=\"og:title\" content=\"Anticiper les fortes chaleurs : pensez \u00e0 ventiler votre garage et vos espaces clos\" \/>\n<meta property=\"og:description\" content=\"Anticipez les fortes chaleurs : d\u00e9couvrez nos conseils pour ventiler efficacement votre garage et vos espaces clos cet \u00e9t\u00e9 sur pogar.ch.\" \/>\n<meta property=\"og:url\" content=\"https:\/\/www.pogar.ch\/webnew\/ventiler-garage-espaces-clos-chaleur\/\" \/>\n<meta property=\"og:site_name\" content=\"Pogar S.A.\" \/>\n<meta property=\"article:publisher\" content=\"https:\/\/www.facebook.com\/POGAR-Team-139006666269936\/\" \/>\n<meta property=\"article:published_time\" content=\"2025-06-03T14:16:28+00:00\" \/>\n<meta property=\"article:modified_time\" content=\"2025-06-24T07:17:05+00:00\" \/>\n<meta property=\"og:image\" content=\"https:\/\/www.pogar.ch\/webnew\/wp-content\/uploads\/2025\/06\/Pogar-ventilation-garage-01.webp\" \/>\n\t<meta property=\"og:image:width\" content=\"1024\" \/>\n\t<meta property=\"og:image:height\" content=\"1024\" \/>\n\t<meta property=\"og:image:type\" content=\"image\/webp\" \/>\n<meta name=\"author\" content=\"Patrick Malagoli\" \/>\n<meta name=\"twitter:card\" content=\"summary_large_image\" \/>\n<meta name=\"twitter:label1\" content=\"\u00c9crit par\" \/>\n\t<meta name=\"twitter:data1\" content=\"Patrick Malagoli\" \/>\n\t<meta name=\"twitter:label2\" content=\"Dur\u00e9e de lecture estim\u00e9e\" \/>\n\t<meta name=\"twitter:data2\" content=\"4 minutes\" \/>\n<script type=\"application\/ld+json\" class=\"yoast-schema-graph\">{\"@context\":\"https:\/\/schema.org\",\"@graph\":[{\"@type\":\"Article\",\"@id\":\"https:\/\/www.pogar.ch\/webnew\/ventiler-garage-espaces-clos-chaleur\/#article\",\"isPartOf\":{\"@id\":\"https:\/\/www.pogar.ch\/webnew\/ventiler-garage-espaces-clos-chaleur\/\"},\"author\":{\"name\":\"Patrick Malagoli\",\"@id\":\"https:\/\/www.pogar.ch\/webnew\/#\/schema\/person\/6cb4f0ec03ff6e07fc37012a0b38290f\"},\"headline\":\"Anticiper les fortes chaleurs : pensez \u00e0 ventiler votre garage et vos espaces clos\",\"datePublished\":\"2025-06-03T14:16:28+00:00\",\"dateModified\":\"2025-06-24T07:17:05+00:00\",\"mainEntityOfPage\":{\"@id\":\"https:\/\/www.pogar.ch\/webnew\/ventiler-garage-espaces-clos-chaleur\/\"},\"wordCount\":1031,\"publisher\":{\"@id\":\"https:\/\/www.pogar.ch\/webnew\/#organization\"},\"keywords\":[\"fortes chaleurs\",\"ventiler\"],\"articleSection\":[\"Conseils et astuces\"],\"inLanguage\":\"fr-FR\"},{\"@type\":\"WebPage\",\"@id\":\"https:\/\/www.pogar.ch\/webnew\/ventiler-garage-espaces-clos-chaleur\/\",\"url\":\"https:\/\/www.pogar.ch\/webnew\/ventiler-garage-espaces-clos-chaleur\/\",\"name\":\"Anticiper les fortes chaleurs : pensez \u00e0 ventiler votre garage\",\"isPartOf\":{\"@id\":\"https:\/\/www.pogar.ch\/webnew\/#website\"},\"datePublished\":\"2025-06-03T14:16:28+00:00\",\"dateModified\":\"2025-06-24T07:17:05+00:00\",\"description\":\"Anticipez les fortes chaleurs : d\u00e9couvrez nos conseils pour ventiler efficacement votre garage et vos espaces clos cet \u00e9t\u00e9 sur pogar.ch.\",\"breadcrumb\":{\"@id\":\"https:\/\/www.pogar.ch\/webnew\/ventiler-garage-espaces-clos-chaleur\/#breadcrumb\"},\"inLanguage\":\"fr-FR\",\"potentialAction\":[{\"@type\":\"ReadAction\",\"target\":[\"https:\/\/www.pogar.ch\/webnew\/ventiler-garage-espaces-clos-chaleur\/\"]}]},{\"@type\":\"BreadcrumbList\",\"@id\":\"https:\/\/www.pogar.ch\/webnew\/ventiler-garage-espaces-clos-chaleur\/#breadcrumb\",\"itemListElement\":[{\"@type\":\"ListItem\",\"position\":1,\"name\":\"Accueil\",\"item\":\"https:\/\/www.pogar.ch\/webnew\/\"},{\"@type\":\"ListItem\",\"position\":2,\"name\":\"Anticiper les fortes chaleurs : pensez \u00e0 ventiler votre garage et vos espaces clos\"}]},{\"@type\":\"WebSite\",\"@id\":\"https:\/\/www.pogar.ch\/webnew\/#website\",\"url\":\"https:\/\/www.pogar.ch\/webnew\/\",\"name\":\"Pogar S.A.\",\"description\":\"Portes de garage - Portes d&#039;entr\u00e9e - Portails\",\"publisher\":{\"@id\":\"https:\/\/www.pogar.ch\/webnew\/#organization\"},\"potentialAction\":[{\"@type\":\"SearchAction\",\"target\":{\"@type\":\"EntryPoint\",\"urlTemplate\":\"https:\/\/www.pogar.ch\/webnew\/?s={search_term_string}\"},\"query-input\":\"required name=search_term_string\"}],\"inLanguage\":\"fr-FR\"},{\"@type\":\"Organization\",\"@id\":\"https:\/\/www.pogar.ch\/webnew\/#organization\",\"name\":\"Pogar S.A.\",\"url\":\"https:\/\/www.pogar.ch\/webnew\/\",\"logo\":{\"@type\":\"ImageObject\",\"inLanguage\":\"fr-FR\",\"@id\":\"https:\/\/www.pogar.ch\/webnew\/#\/schema\/logo\/image\/\",\"url\":\"https:\/\/www.pogar.ch\/webnew\/wp-content\/uploads\/2019\/09\/logo-positif-pogar.png\",\"contentUrl\":\"https:\/\/www.pogar.ch\/webnew\/wp-content\/uploads\/2019\/09\/logo-positif-pogar.png\",\"width\":254,\"height\":210,\"caption\":\"Pogar S.A.\"},\"image\":{\"@id\":\"https:\/\/www.pogar.ch\/webnew\/#\/schema\/logo\/image\/\"},\"sameAs\":[\"https:\/\/www.facebook.com\/POGAR-Team-139006666269936\/\",\"https:\/\/www.instagram.com\/pogar_sa\/\",\"https:\/\/www.linkedin.com\/company\/81284588\/\"]},{\"@type\":\"Person\",\"@id\":\"https:\/\/www.pogar.ch\/webnew\/#\/schema\/person\/6cb4f0ec03ff6e07fc37012a0b38290f\",\"name\":\"Patrick Malagoli\",\"image\":{\"@type\":\"ImageObject\",\"inLanguage\":\"fr-FR\",\"@id\":\"https:\/\/www.pogar.ch\/webnew\/#\/schema\/person\/image\/\",\"url\":\"https:\/\/secure.gravatar.com\/avatar\/923ce6be517733f9947b9ba8070cceb6?s=96&d=mm&r=g\",\"contentUrl\":\"https:\/\/secure.gravatar.com\/avatar\/923ce6be517733f9947b9ba8070cceb6?s=96&d=mm&r=g\",\"caption\":\"Patrick Malagoli\"},\"url\":\"https:\/\/www.pogar.ch\/webnew\/author\/patrick\/\"}]}<\/script>\n<!-- \/ Yoast SEO Premium plugin. -->","yoast_head_json":{"title":"Anticiper les fortes chaleurs : pensez \u00e0 ventiler votre garage","description":"Anticipez les fortes chaleurs : d\u00e9couvrez nos conseils pour ventiler efficacement votre garage et vos espaces clos cet \u00e9t\u00e9 sur pogar.ch.","robots":{"index":"index","follow":"follow","max-snippet":"max-snippet:-1","max-image-preview":"max-image-preview:large","max-video-preview":"max-video-preview:-1"},"canonical":"https:\/\/www.pogar.ch\/webnew\/ventiler-garage-espaces-clos-chaleur\/","og_locale":"fr_FR","og_type":"article","og_title":"Anticiper les fortes chaleurs : pensez \u00e0 ventiler votre garage et vos espaces clos","og_description":"Anticipez les fortes chaleurs : d\u00e9couvrez nos conseils pour ventiler efficacement votre garage et vos espaces clos cet \u00e9t\u00e9 sur pogar.ch.","og_url":"https:\/\/www.pogar.ch\/webnew\/ventiler-garage-espaces-clos-chaleur\/","og_site_name":"Pogar S.A.","article_publisher":"https:\/\/www.facebook.com\/POGAR-Team-139006666269936\/","article_published_time":"2025-06-03T14:16:28+00:00","article_modified_time":"2025-06-24T07:17:05+00:00","og_image":[{"width":1024,"height":1024,"url":"https:\/\/www.pogar.ch\/webnew\/wp-content\/uploads\/2025\/06\/Pogar-ventilation-garage-01.webp","type":"image\/webp"}],"author":"Patrick Malagoli","twitter_card":"summary_large_image","twitter_misc":{"\u00c9crit par":"Patrick Malagoli","Dur\u00e9e de lecture estim\u00e9e":"4 minutes"},"schema":{"@context":"https:\/\/schema.org","@graph":[{"@type":"Article","@id":"https:\/\/www.pogar.ch\/webnew\/ventiler-garage-espaces-clos-chaleur\/#article","isPartOf":{"@id":"https:\/\/www.pogar.ch\/webnew\/ventiler-garage-espaces-clos-chaleur\/"},"author":{"name":"Patrick Malagoli","@id":"https:\/\/www.pogar.ch\/webnew\/#\/schema\/person\/6cb4f0ec03ff6e07fc37012a0b38290f"},"headline":"Anticiper les fortes chaleurs : pensez \u00e0 ventiler votre garage et vos espaces clos","datePublished":"2025-06-03T14:16:28+00:00","dateModified":"2025-06-24T07:17:05+00:00","mainEntityOfPage":{"@id":"https:\/\/www.pogar.ch\/webnew\/ventiler-garage-espaces-clos-chaleur\/"},"wordCount":1031,"publisher":{"@id":"https:\/\/www.pogar.ch\/webnew\/#organization"},"keywords":["fortes chaleurs","ventiler"],"articleSection":["Conseils et astuces"],"inLanguage":"fr-FR"},{"@type":"WebPage","@id":"https:\/\/www.pogar.ch\/webnew\/ventiler-garage-espaces-clos-chaleur\/","url":"https:\/\/www.pogar.ch\/webnew\/ventiler-garage-espaces-clos-chaleur\/","name":"Anticiper les fortes chaleurs : pensez \u00e0 ventiler votre garage","isPartOf":{"@id":"https:\/\/www.pogar.ch\/webnew\/#website"},"datePublished":"2025-06-03T14:16:28+00:00","dateModified":"2025-06-24T07:17:05+00:00","description":"Anticipez les fortes chaleurs : d\u00e9couvrez nos conseils pour ventiler efficacement votre garage et vos espaces clos cet \u00e9t\u00e9 sur pogar.ch.","breadcrumb":{"@id":"https:\/\/www.pogar.ch\/webnew\/ventiler-garage-espaces-clos-chaleur\/#breadcrumb"},"inLanguage":"fr-FR","potentialAction":[{"@type":"ReadAction","target":["https:\/\/www.pogar.ch\/webnew\/ventiler-garage-espaces-clos-chaleur\/"]}]},{"@type":"BreadcrumbList","@id":"https:\/\/www.pogar.ch\/webnew\/ventiler-garage-espaces-clos-chaleur\/#breadcrumb","itemListElement":[{"@type":"ListItem","position":1,"name":"Accueil","item":"https:\/\/www.pogar.ch\/webnew\/"},{"@type":"ListItem","position":2,"name":"Anticiper les fortes chaleurs : pensez \u00e0 ventiler votre garage et vos espaces clos"}]},{"@type":"WebSite","@id":"https:\/\/www.pogar.ch\/webnew\/#website","url":"https:\/\/www.pogar.ch\/webnew\/","name":"Pogar S.A.","description":"Portes de garage - Portes d&#039;entr\u00e9e - Portails","publisher":{"@id":"https:\/\/www.pogar.ch\/webnew\/#organization"},"potentialAction":[{"@type":"SearchAction","target":{"@type":"EntryPoint","urlTemplate":"https:\/\/www.pogar.ch\/webnew\/?s={search_term_string}"},"query-input":"required name=search_term_string"}],"inLanguage":"fr-FR"},{"@type":"Organization","@id":"https:\/\/www.pogar.ch\/webnew\/#organization","name":"Pogar S.A.","url":"https:\/\/www.pogar.ch\/webnew\/","logo":{"@type":"ImageObject","inLanguage":"fr-FR","@id":"https:\/\/www.pogar.ch\/webnew\/#\/schema\/logo\/image\/","url":"https:\/\/www.pogar.ch\/webnew\/wp-content\/uploads\/2019\/09\/logo-positif-pogar.png","contentUrl":"https:\/\/www.pogar.ch\/webnew\/wp-content\/uploads\/2019\/09\/logo-positif-pogar.png","width":254,"height":210,"caption":"Pogar S.A."},"image":{"@id":"https:\/\/www.pogar.ch\/webnew\/#\/schema\/logo\/image\/"},"sameAs":["https:\/\/www.facebook.com\/POGAR-Team-139006666269936\/","https:\/\/www.instagram.com\/pogar_sa\/","https:\/\/www.linkedin.com\/company\/81284588\/"]},{"@type":"Person","@id":"https:\/\/www.pogar.ch\/webnew\/#\/schema\/person\/6cb4f0ec03ff6e07fc37012a0b38290f","name":"Patrick Malagoli","image":{"@type":"ImageObject","inLanguage":"fr-FR","@id":"https:\/\/www.pogar.ch\/webnew\/#\/schema\/person\/image\/","url":"https:\/\/secure.gravatar.com\/avatar\/923ce6be517733f9947b9ba8070cceb6?s=96&d=mm&r=g","contentUrl":"https:\/\/secure.gravatar.com\/avatar\/923ce6be517733f9947b9ba8070cceb6?s=96&d=mm&r=g","caption":"Patrick Malagoli"},"url":"https:\/\/www.pogar.ch\/webnew\/author\/patrick\/"}]}},"_links":{"self":[{"href":"https:\/\/www.pogar.ch\/webnew\/wp-json\/wp\/v2\/posts\/18203"}],"collection":[{"href":"https:\/\/www.pogar.ch\/webnew\/wp-json\/wp\/v2\/posts"}],"about":[{"href":"https:\/\/www.pogar.ch\/webnew\/wp-json\/wp\/v2\/types\/post"}],"author":[{"embeddable":true,"href":"https:\/\/www.pogar.ch\/webnew\/wp-json\/wp\/v2\/users\/2"}],"replies":[{"embeddable":true,"href":"https:\/\/www.pogar.ch\/webnew\/wp-json\/wp\/v2\/comments?post=18203"}],"version-history":[{"count":3,"href":"https:\/\/www.pogar.ch\/webnew\/wp-json\/wp\/v2\/posts\/18203\/revisions"}],"predecessor-version":[{"id":18208,"href":"https:\/\/www.pogar.ch\/webnew\/wp-json\/wp\/v2\/posts\/18203\/revisions\/18208"}],"wp:featuredmedia":[{"embeddable":true,"href":"https:\/\/www.pogar.ch\/webnew\/wp-json\/wp\/v2\/media\/18205"}],"wp:attachment":[{"href":"https:\/\/www.pogar.ch\/webnew\/wp-json\/wp\/v2\/media?parent=18203"}],"wp:term":[{"taxonomy":"category","embeddable":true,"href":"https:\/\/www.pogar.ch\/webnew\/wp-json\/wp\/v2\/categories?post=18203"},{"taxonomy":"post_tag","embeddable":true,"href":"https:\/\/www.pogar.ch\/webnew\/wp-json\/wp\/v2\/tags?post=18203"}],"curies":[{"name":"wp","href":"https:\/\/api.w.org\/{rel}","templated":true}]}}